{"id":62481,"date":"2025-10-23T11:28:25","date_gmt":"2025-10-23T11:28:25","guid":{"rendered":"https:\/\/www.europesays.com\/se\/62481\/"},"modified":"2025-10-23T11:28:25","modified_gmt":"2025-10-23T11:28:25","slug":"forbjud-hemlig-lobbying-for-avgaende-toppolitiker","status":"publish","type":"post","link":"https:\/\/www.europesays.com\/se\/62481\/","title":{"rendered":"F\u00f6rbjud hemlig lobbying f\u00f6r avg\u00e5ende toppolitiker"},"content":{"rendered":"<p>MP vill g\u00f6ra det olagligt f\u00f6r tidigare toppolitiker att ta lobbyuppdrag \u00e5t hemliga uppdragsgivare inom fem \u00e5r fr\u00e5n pensioneringen, rapporterar Altinget.<\/p>\n<p>\u2013 Information och n\u00e4tverk som du tillskansat dig i samh\u00e4llets tj\u00e4nst ska inte kunna vara till salu till h\u00f6gstbjudande, s\u00e4ger Gr\u00f6n ungdoms spr\u00e5kr\u00f6r Anton Bylin, som l\u00e5g bakom motionen som r\u00f6stades igenom under helgens kongress.<\/p>\n<p>Bylin, som kandiderar till riksdagen, passar ocks\u00e5 p\u00e5 att lova att aldrig sj\u00e4lv bli en hemlig lobbyist.<\/p>\n<p>Omni \u00e4r politiskt obundna och oberoende. Vi str\u00e4var efter att ge fler perspektiv p\u00e5 nyheterna. Har du fr\u00e5gor eller synpunkter kring v\u00e5r rapportering? <a href=\"https:\/\/omni.se\/mp-forbjud-hemlig-lobbying-for-avgaende-toppolitiker\/a\/mailto:redaktion@omni.se\" class=\"ArticleActions_contactLink__W2F1M\" rel=\"nofollow noopener\" target=\"_blank\">Kontakta redaktionen<\/a><\/p>\n","protected":false},"excerpt":{"rendered":"MP vill g\u00f6ra det olagligt f\u00f6r tidigare toppolitiker att ta lobbyuppdrag \u00e5t hemliga uppdragsgivare inom fem \u00e5r fr\u00e5n&hellip;\n","protected":false},"author":2,"featured_media":62482,"comment_status":"","ping_status":"","sticky":false,"template":"","format":"standard","meta":{"footnotes":""},"categories":[12],"tags":[22,23,26,27,5790,17,21,24,25,28,29,1234,15,16,369,18,34,31,33,32,30,19,20],"class_list":{"0":"post-62481","1":"post","2":"type-post","3":"status-publish","4":"format-standard","5":"has-post-thumbnail","7":"category-sverige","8":"tag-breaking-news","9":"tag-breakingnews","10":"tag-featured-news","11":"tag-featurednews","12":"tag-gron-ungdom","13":"tag-headlines","14":"tag-huvudnyheter","15":"tag-latest-news","16":"tag-latestnews","17":"tag-main-news","18":"tag-mainnews","19":"tag-miljopartiet","20":"tag-news","21":"tag-nyheter","22":"tag-politik","23":"tag-rubriker","24":"tag-se","25":"tag-svenska","26":"tag-sverige","27":"tag-sweden","28":"tag-swedish","29":"tag-top-stories","30":"tag-topstories"},"share_on_mastodon":{"url":"https:\/\/pubeurope.com\/@se\/115423248646498271","error":""},"_links":{"self":[{"href":"https:\/\/www.europesays.com\/se\/wp-json\/wp\/v2\/posts\/62481","targetHints":{"allow":["GET"]}}],"collection":[{"href":"https:\/\/www.europesays.com\/se\/wp-json\/wp\/v2\/posts"}],"about":[{"href":"https:\/\/www.europesays.com\/se\/wp-json\/wp\/v2\/types\/post"}],"author":[{"embeddable":true,"href":"https:\/\/www.europesays.com\/se\/wp-json\/wp\/v2\/users\/2"}],"replies":[{"embeddable":true,"href":"https:\/\/www.europesays.com\/se\/wp-json\/wp\/v2\/comments?post=62481"}],"version-history":[{"count":0,"href":"https:\/\/www.europesays.com\/se\/wp-json\/wp\/v2\/posts\/62481\/revisions"}],"wp:featuredmedia":[{"embeddable":true,"href":"https:\/\/www.europesays.com\/se\/wp-json\/wp\/v2\/media\/62482"}],"wp:attachment":[{"href":"https:\/\/www.europesays.com\/se\/wp-json\/wp\/v2\/media?parent=62481"}],"wp:term":[{"taxonomy":"category","embeddable":true,"href":"https:\/\/www.europesays.com\/se\/wp-json\/wp\/v2\/categories?post=62481"},{"taxonomy":"post_tag","embeddable":true,"href":"https:\/\/www.europesays.com\/se\/wp-json\/wp\/v2\/tags?post=62481"}],"curies":[{"name":"wp","href":"https:\/\/api.w.org\/{rel}","templated":true}]}}