{"id":62547,"date":"2025-10-23T13:01:09","date_gmt":"2025-10-23T13:01:09","guid":{"rendered":"https:\/\/www.europesays.com\/se\/62547\/"},"modified":"2025-10-23T13:01:09","modified_gmt":"2025-10-23T13:01:09","slug":"kosovare-asllani-om-malgesten-en-hyllning-landslaget","status":"publish","type":"post","link":"https:\/\/www.europesays.com\/se\/62547\/","title":{"rendered":"Kosovare Asllani om m\u00e5lgesten: \u201dEn hyllning\u201d | Landslaget"},"content":{"rendered":"<p>Publicerad 23 okt 2025 kl 13.41Uppdaterad kl 14.45<\/p>\n<p>Kosovare Asllani s\u00e4nkte West Ham.\u00a0<\/p>\n<p>Hon firade med att g\u00f6ra tecknet f\u00f6r den albanska \u00f6rnen.<\/p>\n<p>En m\u00e5lgest hon tidigare <a href=\"https:\/\/www.expressen.se\/sport\/fotboll\/stoppas-nu-fran-att-gora-sin-malgest-obegripligt\/\" rel=\"nofollow noopener\" target=\"_blank\">uppmanats avst\u00e5 fr\u00e5n att g\u00f6ra<\/a>.<\/p>\n<p>\u2013\u00a0F\u00f6r mig var det mer en hyllning, s\u00e4ger Asllani.\u00a0<\/p>\n<p><img loading=\"lazy\"   alt=\"\"\/><\/p>\n<p>Kosovare Asllani.<\/p>\n<p>Foto: MATHIAS BERGELD \/ BILDBYR\u00c5N<\/p>\n<p>\u00d6ppna bild i helsk\u00e4rm<img loading=\"lazy\"   alt=\"\"\/><\/p>\n<p>Landslagsstj\u00e4rnan i London City Lionesses.<\/p>\n<p>Foto: Jay Patel\/Sports Press Photo\/SPP\/Shu \/ TT NYHETSBYR\u00c5N<\/p>\n<p>\u00d6ppna bild i helsk\u00e4rm<\/p>\n<p>N\u00e4r London City Lionesses slog West Ham tidigare i oktober gjorde <a href=\"https:\/\/www.expressen.se\/tagg\/person\/kosovare-asllani\/\" class=\"\" rel=\"nofollow noopener\" target=\"_blank\">Kosovare Asllani<\/a> matchens enda m\u00e5l. Det efter en rej\u00e4l tabbe fr\u00e5n West Hams m\u00e5lvakt. M\u00e5lvakten lade ner bollen f\u00f6r att sparka ut den. D\u00e5 d\u00f6k Asllani upp fr\u00e5n sidan, snodde \u00e5t sig bollen och rullade in bollen i \u00f6ppet m\u00e5l.<\/p>\n<p>\u2013\u00a0Man fick ta den snabbaste sprinten jag gjort p\u00e5 n\u00e5gra \u00e5r. Jag ville n\u00e4stan be om urs\u00e4kt till m\u00e5lvakten. Det \u00e4r inte ett roligt m\u00e5l att sl\u00e4ppa in, s\u00e4ger Asllani.\u00a0<\/p>\n<p>Hon firade genom att g\u00f6ra tecknet f\u00f6r den tv\u00e5h\u00f6vdade albanska \u00f6rnen. Asllani har kosovoalbanska f\u00f6r\u00e4ldrar.<\/p>\n<p>\u2013\u00a0F\u00f6r mig var det mer en hyllning efter att Albanien tagit en historisk vinst kv\u00e4llen innan, s\u00e4ger hon.\u00a0<\/p>\n<p>\u2013 Jag vet var mina r\u00f6tter \u00e4r och jag vill kunna f\u00e5 hylla mitt hemland d\u00e5 och d\u00e5. Det kan man aldrig nu f\u00f6r tiden. H\u00e4r f\u00e5r jag inte g\u00f6ra det.<\/p>\n<p>Stoppats fr\u00e5n att g\u00f6ra gesten<\/p>\n<p>Asllani har gjort m\u00e5lgesten tidigare, bland annat i VM-kvalet h\u00f6sten 2018. Tidigare samma \u00e5r straffades Schweiz Xherdan Shaqiri och Granit Xhaka, b\u00e5da med kosovoalbanska r\u00f6tter, f\u00f6r att ha gjort samma gest under herrarnas VM i Ryssland under sommaren.\u00a0<\/p>\n<p>Gesten kan tolkas som politiskt laddad, vilket Fifa anser bryter mot deras regler.<\/p>\n<p><a href=\"https:\/\/www.expressen.se\/sport\/fotboll\/stoppas-nu-fran-att-gora-sin-malgest-obegripligt\/\" rel=\"nofollow noopener\" target=\"_blank\">2018 uppmanades Asllani av Svenska fotbollf\u00f6rbundet att inte anv\u00e4nda sig av m\u00e5lgesten.<\/a><\/p>\n<p>\u2013\u00a0F\u00f6r mig \u00e4r det obegripligt att man ska stoppas fr\u00e5n att g\u00f6ra den. Jag vet inte vilka som skulle kunna ta illa upp \u00f6ver det. Det \u00e4r bara en \u00f6rn, liksom. N\u00e4sta g\u00e5ng f\u00e5r jag v\u00e4l g\u00f6ra en annan f\u00e5gel och se om det \u00e4r f\u00f6rbjudet, en m\u00e5s kanske, sa Kosovare Asllani d\u00e5. \u00a0<\/p>\n","protected":false},"excerpt":{"rendered":"Publicerad 23 okt 2025 kl 13.41Uppdaterad kl 14.45 Kosovare Asllani s\u00e4nkte West Ham.\u00a0 Hon firade med att g\u00f6ra&hellip;\n","protected":false},"author":2,"featured_media":62548,"comment_status":"","ping_status":"","sticky":false,"template":"","format":"standard","meta":{"footnotes":""},"categories":[68],"tags":[1954,5797,34,129,146,111,110,31,33,32,30],"class_list":{"0":"post-62547","1":"post","2":"type-post","3":"status-publish","4":"format-standard","5":"has-post-thumbnail","7":"category-sport","8":"tag-organization-sveriges-damlandslag-i-fotboll","9":"tag-person-kosovare-asllani","10":"tag-se","11":"tag-sections-fotboll","12":"tag-sections-landslaget","13":"tag-sport","14":"tag-sports","15":"tag-svenska","16":"tag-sverige","17":"tag-sweden","18":"tag-swedish"},"share_on_mastodon":{"url":"https:\/\/pubeurope.com\/@se\/115423614323595831","error":""},"_links":{"self":[{"href":"https:\/\/www.europesays.com\/se\/wp-json\/wp\/v2\/posts\/62547","targetHints":{"allow":["GET"]}}],"collection":[{"href":"https:\/\/www.europesays.com\/se\/wp-json\/wp\/v2\/posts"}],"about":[{"href":"https:\/\/www.europesays.com\/se\/wp-json\/wp\/v2\/types\/post"}],"author":[{"embeddable":true,"href":"https:\/\/www.europesays.com\/se\/wp-json\/wp\/v2\/users\/2"}],"replies":[{"embeddable":true,"href":"https:\/\/www.europesays.com\/se\/wp-json\/wp\/v2\/comments?post=62547"}],"version-history":[{"count":0,"href":"https:\/\/www.europesays.com\/se\/wp-json\/wp\/v2\/posts\/62547\/revisions"}],"wp:featuredmedia":[{"embeddable":true,"href":"https:\/\/www.europesays.com\/se\/wp-json\/wp\/v2\/media\/62548"}],"wp:attachment":[{"href":"https:\/\/www.europesays.com\/se\/wp-json\/wp\/v2\/media?parent=62547"}],"wp:term":[{"taxonomy":"category","embeddable":true,"href":"https:\/\/www.europesays.com\/se\/wp-json\/wp\/v2\/categories?post=62547"},{"taxonomy":"post_tag","embeddable":true,"href":"https:\/\/www.europesays.com\/se\/wp-json\/wp\/v2\/tags?post=62547"}],"curies":[{"name":"wp","href":"https:\/\/api.w.org\/{rel}","templated":true}]}}