{"id":62551,"date":"2025-10-23T13:04:09","date_gmt":"2025-10-23T13:04:09","guid":{"rendered":"https:\/\/www.europesays.com\/se\/62551\/"},"modified":"2025-10-23T13:04:09","modified_gmt":"2025-10-23T13:04:09","slug":"analytiker-om-skogsbolagens-kris-vandningen-drojer-placera-se","status":"publish","type":"post","link":"https:\/\/www.europesays.com\/se\/62551\/","title":{"rendered":"Analytiker om skogsbolagens kris: V\u00e4ndningen dr\u00f6jer &#8211; Placera.se"},"content":{"rendered":"<ol>\n<li><a href=\"https:\/\/news.google.com\/rss\/articles\/CBMilwFBVV95cUxPcjdwbzVoQmxMYWFFZHo0U3NkSTJ3Qm93Si1ZZHFOWGlaYWVqSnMyWG1qWUhNTkl3bGVlSjBXRERrdHpsdFlSaXlWbXNDSmxoTFUwTEM2eTVSVGExTGFXUjFZdlN1c2p1MTdvMGNzSjZYRmFnQzRYb25KRVJrWXdqUDY3M1lneC1ISU96NUlDUTBlVDgyRmFZ?oc=5\" target=\"_blank\" rel=\"nofollow noopener\">Analytiker om skogsbolagens kris: V\u00e4ndningen dr\u00f6jer<\/a>&nbsp;&nbsp;Placera.se<\/li>\n<li><a href=\"https:\/\/news.google.com\/rss\/articles\/CBMimwFBVV95cUxQaTlrVmNLZmN2Rk9QdGRlVVhkSHEtcEZEMkRIQjRCeGhYaExrVF9fUko1MEEtQ05Lc3lrRmF2R3ZPbDJ5SDhjSThuTkRDcWFkQjhyRmp6UDVodVFNbUY0b29HOHBmZ2pTV1dRMnpnTlZSZHM0dEpjZGlwYlpFVUozODRCaWxkYVFVYjhNM2JyWUl4TkZNSDc5RjFQTQ?oc=5\" target=\"_blank\" rel=\"nofollow noopener\">Fortsatt svag marknad f\u00f6r skogsbolagen \u2013 men massavedspriserna minskar<\/a>&nbsp;&nbsp;DI<\/li>\n<li><a href=\"https:\/\/news.google.com\/rss\/articles\/CBMitAFBVV95cUxNSV85N1VNUXZLZktScEZYR2lsc1ktZWl5OVZmN1QyOUlhSW1wRHBhNDVGZ2dkS0RycVFTLW0ySE5rZzJ2c2Q0Y2JOUng1THFMSWdnTHhjb2lPeXZwb3pralVyM2taVFJkLV84WVFEdzRSOUFBaE5kYUl5RW52bmxwNzh6LXNKVlg2TG9UNTJ2UkRIVXVKYmQ1MlFKRlg3M2t4eGkyS05EWWpHZ2t3dVNUZVQxd0E?oc=5\" target=\"_blank\" rel=\"nofollow noopener\">\u201dKr\u00e4vs handlingskraft f\u00f6r att skogsindustrin ska forts\u00e4tta vara konkurrenskraftig\u201d<\/a>&nbsp;&nbsp;Tidningen N\u00e4ringslivet<\/li>\n<li><a href=\"https:\/\/news.google.com\/rss\/articles\/CBMiggFBVV95cUxNb0dFbGx0TmlSU0x1YjNLdmFvUW5JcUpETVF6bVRnMEJlYS1DX2tPLTYzdHpGZVF0blB5WWYtdnhCTlRNX0NpUHF3TURwQW1ZQWxRaC15VmxLM3dBMVYyd3N0UUJ5VFFOOWg2eWxDaGdiT2xMNl9BVlRYdzVIR2tSRDVB?oc=5\" target=\"_blank\" rel=\"nofollow noopener\">Skogsbolag varslar \u2013 trots miljarder i vinst<\/a>&nbsp;&nbsp;Prolet\u00e4ren<\/li>\n<li><a href=\"https:\/\/news.google.com\/rss\/articles\/CBMilgFBVV95cUxPeG1USi1KeDFFblJpTlA3X2pUNDUxV2ZySHJhNmJxZ0dUZHBsUWdhYXVGSW80N3o5b2JWTlV3aXZndk9DYjFDVDY0TXZ3dElDVHhCLWpGNGZfd2xmTzBKVG5rOVJaWWZlTHhKNENFcG5TaVM2Nmk2ZkZXMm1aNHNYdmVGTlhpbU1kZzRnckloNENXLXlMbGc?oc=5\" target=\"_blank\" rel=\"nofollow noopener\">Pappersindustrins oro forts\u00e4tter \u2013 fler varsel kan v\u00e4nta<\/a>&nbsp;&nbsp;Sveriges Radio<\/li>\n<\/ol>\n","protected":false},"excerpt":{"rendered":"Analytiker om skogsbolagens kris: V\u00e4ndningen dr\u00f6jer&nbsp;&nbsp;Placera.se Fortsatt svag marknad f\u00f6r skogsbolagen \u2013 men massavedspriserna minskar&nbsp;&nbsp;DI \u201dKr\u00e4vs handlingskraft f\u00f6r&hellip;\n","protected":false},"author":2,"featured_media":62552,"comment_status":"","ping_status":"","sticky":false,"template":"","format":"standard","meta":{"footnotes":""},"categories":[65],"tags":[5799,72,70,71,830,34,5798,31,33,32,30],"class_list":{"0":"post-62551","1":"post","2":"type-post","3":"status-publish","4":"format-standard","5":"has-post-thumbnail","7":"category-ekonomi","8":"tag-billerud","9":"tag-business","10":"tag-economy","11":"tag-ekonomi","12":"tag-holmen","13":"tag-se","14":"tag-stora-enso","15":"tag-svenska","16":"tag-sverige","17":"tag-sweden","18":"tag-swedish"},"share_on_mastodon":{"url":"https:\/\/pubeurope.com\/@se\/115423626154315051","error":""},"_links":{"self":[{"href":"https:\/\/www.europesays.com\/se\/wp-json\/wp\/v2\/posts\/62551","targetHints":{"allow":["GET"]}}],"collection":[{"href":"https:\/\/www.europesays.com\/se\/wp-json\/wp\/v2\/posts"}],"about":[{"href":"https:\/\/www.europesays.com\/se\/wp-json\/wp\/v2\/types\/post"}],"author":[{"embeddable":true,"href":"https:\/\/www.europesays.com\/se\/wp-json\/wp\/v2\/users\/2"}],"replies":[{"embeddable":true,"href":"https:\/\/www.europesays.com\/se\/wp-json\/wp\/v2\/comments?post=62551"}],"version-history":[{"count":0,"href":"https:\/\/www.europesays.com\/se\/wp-json\/wp\/v2\/posts\/62551\/revisions"}],"wp:featuredmedia":[{"embeddable":true,"href":"https:\/\/www.europesays.com\/se\/wp-json\/wp\/v2\/media\/62552"}],"wp:attachment":[{"href":"https:\/\/www.europesays.com\/se\/wp-json\/wp\/v2\/media?parent=62551"}],"wp:term":[{"taxonomy":"category","embeddable":true,"href":"https:\/\/www.europesays.com\/se\/wp-json\/wp\/v2\/categories?post=62551"},{"taxonomy":"post_tag","embeddable":true,"href":"https:\/\/www.europesays.com\/se\/wp-json\/wp\/v2\/tags?post=62551"}],"curies":[{"name":"wp","href":"https:\/\/api.w.org\/{rel}","templated":true}]}}