{"id":62615,"date":"2025-10-23T13:59:10","date_gmt":"2025-10-23T13:59:10","guid":{"rendered":"https:\/\/www.europesays.com\/se\/62615\/"},"modified":"2025-10-23T13:59:10","modified_gmt":"2025-10-23T13:59:10","slug":"europa-league-infor-malmo-svenskafans","status":"publish","type":"post","link":"https:\/\/www.europesays.com\/se\/62615\/","title":{"rendered":"Europa-League: inf\u00f6r Malm\u00f6 &#8211; SvenskaFans"},"content":{"rendered":"<p>Stadion, 2025-10-23 21:00<\/p>\n<p>Tempen stiger inf\u00f6r matchen p\u00e5 Eleda stadion i Malm\u00f6. Det kan konstateras att Dinamo spelar en viktig match och inte bara om en plats i \u00e5ttondelsfinalen utan ocks\u00e5 om en direktplats i \u00e5ttondelsfinalen, det vill s\u00e4ga bland de \u00e5tta b\u00e4sta lagen i Europa-League. F\u00f6r hemmalaget \u00e4r det sv\u00e5rt att dra slutsatsen om hur mycket matchen mot Dinamo betyder f\u00f6r dem, med tanke p\u00e5 hur de inledde de tv\u00e5 f\u00f6rsta matcherna slutat.<\/p>\n<p>Ingen hade tippat att Dinamo Zagreb hade st\u00e5tt som serieledare i Europa-League efter tv\u00e5 spelade omg\u00e5ngar och det kan f\u00f6rl\u00e4ngas ytterligare vid eventuell seger mot Malm\u00f6. Ja, det pratas endast om tre po\u00e4ng och det finns flera anledningar varf\u00f6r det inte skulle sluta med tredje raka segern f\u00f6r Zagreb-klubben. <\/p>\n<p class=\"MsoNormal\">Matchen mot Malm\u00f6 \u00e4r chans till att f\u00f6rl\u00e4nga segersviten p\u00e5 tv\u00e5 matcher och p\u00e5 det s\u00e4ttet skapa mer ro hos spelarna och tr\u00e4naren. I hemmal\u00e4gret ser det lite ljusare ut efter bortasegern mot Peking i helgen, men fr\u00e5gan \u00e4r om det \u00e4r fel styrkem\u00e4tare. Hur som helst v\u00e4ntar en intressant torsdagskv\u00e4ll p\u00e5 Eleda stadion. <\/p>\n<p class=\"MsoNormal\"><strong>Dinamo Zagreb <\/strong><br \/>Truppen \u00e4r frisk, finns n\u00e5gra sm\u00e5skavanker kring anfallaren Mateo Lisica men inget allvarligare. Spelaren \u00e4r viktig f\u00f6r offensiven och kommer troligtvis att starta. Mest bekymmer ligger kring balansering och f\u00f6rdelning av speltiden f\u00f6r spelarna. Man vill helst f\u00f6rdela tiden tillr\u00e4ckligt f\u00f6r att h\u00e5lla reserverna varma, men samtidigt vill man kristallisera fram starkaste startelvan. Det \u00e4r inte l\u00e4tt att l\u00e4mna spelare som Villar, Vidovic, Stojkovic, Perez-Vinl\u00f6f, Galesic eller Soldo p\u00e5 b\u00e4nken. <\/p>\n<p class=\"MsoNormal\">Trupp bredden finns d\u00e4r men den \u00e4r kanske inte utnyttjad fullt ut. D\u00e4r av har tr\u00e4naren Kovacevic f\u00e5tt en del kritik n\u00e4r resultaten inte m\u00f6tt f\u00f6rv\u00e4ntningarna. Formen \u00e4r okej \u2013 men inte den b\u00e4sta, k\u00e4nns lite mer stabil efter helgens seger mot Osijek i derbyt. Men \u00f6nskv\u00e4rt \u00e4r att detta lag skulle dominera ligamatcherna \u00e4nnu mer. Det \u00e4r fortfarande f\u00f6r tidigt p\u00e5 s\u00e4songen att avg\u00f6ra om det \u00e4r spelarna som beh\u00f6ver mer tid tillsammans, eller \u00e4r det tr\u00e4naren som kr\u00e4ver mer tid? <\/p>\n<p class=\"MsoNormal\">Potentiell startelva <br \/>Formation 4-3-3 <br \/>Nevistic MV \u2013 Goda VB, Valincic HB, McKenna MB, Dominguez MB \u2013 Misic (K) CM, Zajc CM, Ljubicic CM \u2013 Lisica HY, Hoxha VY, Beljo CF <\/p>\n<p class=\"MsoNormal\"><strong>Malm\u00f6 FF <\/strong><br \/>Hemmalaget \u00e4r hittills det \u201dsvagaste\u201d motst\u00e5ndet som Dinamo Zagreb m\u00f6ter i Europa-League. Hemmaplanen har alltid haft stor betydelse f\u00f6r MFF och det spelar ingen roll vem som kommer p\u00e5 bes\u00f6k. Den h\u00e4r g\u00e5ngen m\u00e5ste vi ta h\u00e4nsyn till form- och resultatkrisen som pr\u00e4glat MFF:s s\u00e4song. Malm\u00f6 \u00e4r fortfarande en storklubb i Norden och alltid favrotier i Allsvenskan men vi ser hur en s\u00e4mre s\u00e4song kan p\u00e5verka harmonin i starka klubbar. <\/p>\n<p class=\"MsoNormal\">Det svenska laget har stora problem i form av fr\u00e5nvaron av n\u00e5gra viktiga spelare och har inte spelat s\u00e4rskilt bra i de tv\u00e5 inledande Europa-League matcherna mot Ludogorets (1-2) och Viktoria Plzen (0-3). Lasse Johnsen och Daniel Gudjohnsen kommer att missa matchen mot Dinamo p\u00e5 grund av avst\u00e4ngningar. <\/p>\n<p class=\"MsoNormal\">Nyligen kom rapport om att ytterligare en viktig kugge kommer missa matchen mot Dinamo p\u00e5 grund av skada och det g\u00e4ller mittf\u00e4ltaren Oliver Berg. Sedan tidigare kan vi l\u00e4gga till p\u00e5 skadelistan Christiansen och Sigurdsson. <\/p>\n<p class=\"MsoNormal\">Potentiell startelva <br \/>Formation 4-4-2 <br \/>Olsen MV \u2013 Olsson VB, Stryger HB, Jansson MB, Rosler MB \u2013 Rosengren CM, Lewicki CM, Bolin HM, Skogmar VM \u2013 Ekong CF, Hakshabanovic CF <\/p>\n<p class=\"MsoNormal\"><strong>F\u00f6rv\u00e4ntningar <\/strong><br \/>P\u00e5 f\u00f6rhand k\u00e4nns Dinamo som f\u00f6rhandstippade vinnare. K\u00e4nslan s\u00e4ger att spelarna och tr\u00e4narstaben tittar p\u00e5 matchen med samma \u00f6gon och \u00e4r medvetna om m\u00f6jligheten att s\u00e4kra \u00e5ttondelsfinal i Europa-League redan under h\u00f6sten, vilket kommer underl\u00e4tta och sl\u00e4ppa pressen och l\u00e4mna mer tid att \u00e4gna \u00e5t andra t\u00e4vlingar som Kroatiska ligan till exempel. Tr\u00e4naren Kovacevic l\u00e4mnade anfallaren Beljo och mittf\u00e4ltaren Ljubicic p\u00e5 b\u00e4nken mot Osijek, spelarna \u00e4r annars startspelare och detta var ett tecken att man menar allvar mot Malm\u00f6. Samtidigt som det kommer att vara oerh\u00f6rt intressant att se samarbetet p\u00e5 h\u00f6gerkanten mellan Valincic-Lisica. Duon har presterat glappfritt mot Fenerbahce och Maccabi och vi hoppas p\u00e5 samma utfall \u00e4ven mot Malm\u00f6. Till sist s\u00e5 kan jag tippa att h\u00e5lla ett \u00f6ga p\u00e5 albanska anfallaren Hoxha som spelar i sin livsform. Just han kommer att vara st\u00f6rsta hotet f\u00f6r hemmalagets f\u00f6rsvar med tanke p\u00e5 hans f\u00f6rm\u00e5ga utanf\u00f6r boxen. Hoxha har helt enkelt haft en spikrak formkurva den h\u00e4r h\u00f6sten! <\/p>\n","protected":false},"excerpt":{"rendered":"Stadion, 2025-10-23 21:00 Tempen stiger inf\u00f6r matchen p\u00e5 Eleda stadion i Malm\u00f6. Det kan konstateras att Dinamo spelar&hellip;\n","protected":false},"author":2,"featured_media":62616,"comment_status":"","ping_status":"","sticky":false,"template":"","format":"standard","meta":{"footnotes":""},"categories":[68],"tags":[159,158,157,138,156,165,164,140,34,160,162,111,110,31,161,33,32,30,163],"class_list":{"0":"post-62615","1":"post","2":"type-post","3":"status-publish","4":"format-standard","5":"has-post-thumbnail","7":"category-sport","8":"tag-allsvenskan","9":"tag-fans","10":"tag-fantv","11":"tag-fotboll","12":"tag-hockey","13":"tag-matcher","14":"tag-matchprogram","15":"tag-premier-league","16":"tag-se","17":"tag-serie-a","18":"tag-spelschema","19":"tag-sport","20":"tag-sports","21":"tag-svenska","22":"tag-svenskafans","23":"tag-sverige","24":"tag-sweden","25":"tag-swedish","26":"tag-tabeller"},"share_on_mastodon":{"url":"https:\/\/pubeurope.com\/@se\/115423842409609514","error":""},"_links":{"self":[{"href":"https:\/\/www.europesays.com\/se\/wp-json\/wp\/v2\/posts\/62615","targetHints":{"allow":["GET"]}}],"collection":[{"href":"https:\/\/www.europesays.com\/se\/wp-json\/wp\/v2\/posts"}],"about":[{"href":"https:\/\/www.europesays.com\/se\/wp-json\/wp\/v2\/types\/post"}],"author":[{"embeddable":true,"href":"https:\/\/www.europesays.com\/se\/wp-json\/wp\/v2\/users\/2"}],"replies":[{"embeddable":true,"href":"https:\/\/www.europesays.com\/se\/wp-json\/wp\/v2\/comments?post=62615"}],"version-history":[{"count":0,"href":"https:\/\/www.europesays.com\/se\/wp-json\/wp\/v2\/posts\/62615\/revisions"}],"wp:featuredmedia":[{"embeddable":true,"href":"https:\/\/www.europesays.com\/se\/wp-json\/wp\/v2\/media\/62616"}],"wp:attachment":[{"href":"https:\/\/www.europesays.com\/se\/wp-json\/wp\/v2\/media?parent=62615"}],"wp:term":[{"taxonomy":"category","embeddable":true,"href":"https:\/\/www.europesays.com\/se\/wp-json\/wp\/v2\/categories?post=62615"},{"taxonomy":"post_tag","embeddable":true,"href":"https:\/\/www.europesays.com\/se\/wp-json\/wp\/v2\/tags?post=62615"}],"curies":[{"name":"wp","href":"https:\/\/api.w.org\/{rel}","templated":true}]}}