{"id":62651,"date":"2025-10-23T14:36:09","date_gmt":"2025-10-23T14:36:09","guid":{"rendered":"https:\/\/www.europesays.com\/se\/62651\/"},"modified":"2025-10-23T14:36:09","modified_gmt":"2025-10-23T14:36:09","slug":"lulea-och-dennis-hall-forhandlar-skarpt-vantas-bli-ny-huvudtranare-shl","status":"publish","type":"post","link":"https:\/\/www.europesays.com\/se\/62651\/","title":{"rendered":"Lule\u00e5 och Dennis Hall f\u00f6rhandlar skarpt \u2013 v\u00e4ntas bli ny huvudtr\u00e4nare | SHL"},"content":{"rendered":"<p>Publicerad 23 okt 2025 kl 15.39<\/p>\n<p>M\u00f6tet gav fortsatt positiva signaler.<br \/>Lule\u00e5 och Dennis Hall hittade varandra, och nu \u00e4r man inne i en skarp f\u00f6rhandling, enligt uppgifter till Expressen.<\/p>\n<p>\u2013 Jag \u00e4r definitivt redo. Jag vill coacha i SHL, s\u00e4ger Dennis Hall.<\/p>\n<p>\u2013 Jag har varit med tillr\u00e4ckligt l\u00e4nge f\u00f6r att jag ska f\u00f6rst\u00e5 \u00e5t var detta lutar, s\u00e4ger Karlskogas sportchef Torsten Yngveson.<\/p>\n<p><img   alt=\"\"\/> <\/p>\n<p>Foto: SUVAD MRKONJIC \/ BILDBYR\u00c5N<\/p>\n<p>\u00d6ppna bild i helsk\u00e4rm<img loading=\"lazy\"   alt=\"\"\/> <\/p>\n<p>Foto: SUVAD MRKONJIC \/ BILDBYR\u00c5N<\/p>\n<p>\u00d6ppna bild i helsk\u00e4rm<\/p>\n<p>I m\u00e5ndags kunde <a href=\"https:\/\/www.expressen.se\/sport\/hockey\/shl\/lulea-har-traffat-succetranaren-kandidat-att-ta-over\/\" rel=\"nofollow noopener\" target=\"_blank\">Expressen avsl\u00f6ja att f\u00f6retr\u00e4dare f\u00f6r Lule\u00e5 Hockey och BIK Karlskogas tr\u00e4nare, Dennis Hall, hade haft ett m\u00f6te<\/a>.<\/p>\n<p>Nu har det g\u00e5tt mycket l\u00e4ngre.<\/p>\n<p>N\u00e5got avtal \u00e4r \u00e4n s\u00e5 l\u00e4nge inte p\u00e5skrivet, det dementeras av flera k\u00e4llor. Men precis allt pekar p\u00e5 att det blir Dennis Hall som st\u00e5r i <a href=\"https:\/\/www.expressen.se\/tagg\/organization\/lulea-hockey\/\" class=\"\" rel=\"nofollow noopener\" target=\"_blank\">Lule\u00e5 Hockeys<\/a> b\u00e5s till h\u00f6sten.<\/p>\n<p>Det cirkulerar uppgifter som Expressen tagit del av, som s\u00e4ger att det till och med ska vara helt klart. S\u00e5 \u00e4r det dock inte. Parterna har tr\u00e4ffats, man har konstaterat att man vill jobba med varandra, och en f\u00f6rhandling har inletts med ambition om att slutf\u00f6ra den inom de n\u00e4rmsta veckorna.<\/p>\n<p>\u2013 Jag har sagt tidigare att vi har som ambition att ha en ny tr\u00e4nare p\u00e5 plats innan jul, s\u00e4ger Thomas Fr\u00f6berg.<\/p>\n<p><strong>Hur m\u00e5nga personer har ni tr\u00e4ffat?<\/strong><\/p>\n<p>\u2013 Vi har tr\u00e4ffat ett antal.<\/p>\n<p>Bekr\u00e4ftar m\u00f6tet<\/p>\n<p>Thomas Fr\u00f6berg vill inte bekr\u00e4fta att man tr\u00e4ffat Dennis Hall. Det vill inte Dennis Hall sj\u00e4lv heller g\u00f6ra. D\u00e4remot s\u00e5 har BIK Karlskogas sportchef Torsten Yngveson varit informerad hela tiden om processen att hans kontraktsbundna tr\u00e4nare har tr\u00e4ffat andra.<\/p>\n<p>\u2013 Dennis och jag har ett v\u00e4ldigt n\u00e4ra samarbete. Han \u00e4r rak och tydlig och g\u00e5r inte bakom ryggen p\u00e5 mig eller klubben. Han informerar n\u00e4r saker h\u00e4nder, s\u00e4ger Yngveson.<\/p>\n<p><strong>Som att han tr\u00e4ffat Lule\u00e5?<\/strong><\/p>\n<p>\u2013 Jag visste om att de skulle tr\u00e4ffas. Jag \u00e4r trygg i det.<\/p>\n<p><strong>Utg\u00e5r du fr\u00e5n att du kommer beh\u00f6va s\u00f6ka en ny tr\u00e4nare?<\/strong><\/p>\n<p>\u2013 Jag har varit i branschen tillr\u00e4ckligt l\u00e4nge, s\u00e5 jag vet vad det betyder n\u00e4r n\u00e5gon f\u00e5r upp sp\u00e5ret. N\u00e4r de tr\u00e4ffas s\u00e5 vet man ungef\u00e4r var det h\u00e5ller p\u00e5 att ta v\u00e4gen, s\u00e4ger Torsten Yngveson, som citerar Leif GW Persson.<\/p>\n<p>\u2013 Jag umg\u00e5s med den tanken, som GW hade sagt, s\u00e4ger Yngveson och skrattar till.<\/p>\n<p>Dennis Hall om Lule\u00e5 och n\u00e4sta steg i karri\u00e4ren<\/p>\n<p>Dennis Hall har inte missat att det blivit skriverier sedan Expressen i m\u00e5ndags kunde avsl\u00f6ja f\u00f6rra veckans m\u00f6te, och han har f\u00e5tt ta emot m\u00e4ngder av fr\u00e5gor som r\u00f6r Lule\u00e5. Han svara artigt n\u00e4r han f\u00e5r fr\u00e5gor om det.<\/p>\n<p>\u2013 Jag har inte missat skriverierna som varit, s\u00e4ger han, och vill inte kommentera m\u00f6tet.<\/p>\n<p>\u2013 Nej, det vill jag inte.\u00a0<\/p>\n<p><strong>Vi har uppgifter som s\u00e4ger att ni \u00e4r i en skarp f\u00f6rhandlingar och ambitionen \u00e4r att g\u00e5 i m\u00e5l inom kort.<\/strong><\/p>\n<p>\u2013 Det d\u00e4r har jag inga kommentarer till \u00f6ver huvudtaget.<\/p>\n<p><strong>Vad k\u00e4nner du kring Lule\u00e5 som klubb?<\/strong><\/p>\n<p>\u2013 Det \u00e4r en fin och stor klubb, som alltid varit stabil. De \u00e4r alltid med l\u00e5ngt in p\u00e5 v\u00e5ren och \u00e4r stabila. Det finns en tradition och de kommer fr\u00e5n ett guld precis. S\u00e5 det \u00e4r en anrik f\u00f6rening, med passionerade supportrar, s\u00e5 \u00e4r det.<\/p>\n<p><strong>Hur redo \u00e4r du f\u00f6r SHL?<\/strong><\/p>\n<p>\u2013 Jag \u00e4r redo. Jag vill coacha i SHL, s\u00e4ger Dennis Hall.<\/p>\n","protected":false},"excerpt":{"rendered":"Publicerad 23 okt 2025 kl 15.39 M\u00f6tet gav fortsatt positiva signaler.Lule\u00e5 och Dennis Hall hittade varandra, och nu&hellip;\n","protected":false},"author":2,"featured_media":62652,"comment_status":"","ping_status":"","sticky":false,"template":"","format":"standard","meta":{"footnotes":""},"categories":[68],"tags":[3280,641,1178,1179,34,255,823,111,110,31,33,32,30],"class_list":{"0":"post-62651","1":"post","2":"type-post","3":"status-publish","4":"format-standard","5":"has-post-thumbnail","7":"category-sport","8":"tag-organization-bik-karlskoga","9":"tag-organization-hockeyallsvenskan","10":"tag-organization-lulea-hockey","11":"tag-organization-shl","12":"tag-se","13":"tag-sections-ishockey","14":"tag-sections-shl","15":"tag-sport","16":"tag-sports","17":"tag-svenska","18":"tag-sverige","19":"tag-sweden","20":"tag-swedish"},"share_on_mastodon":{"url":"https:\/\/pubeurope.com\/@se\/115423987943820819","error":""},"_links":{"self":[{"href":"https:\/\/www.europesays.com\/se\/wp-json\/wp\/v2\/posts\/62651","targetHints":{"allow":["GET"]}}],"collection":[{"href":"https:\/\/www.europesays.com\/se\/wp-json\/wp\/v2\/posts"}],"about":[{"href":"https:\/\/www.europesays.com\/se\/wp-json\/wp\/v2\/types\/post"}],"author":[{"embeddable":true,"href":"https:\/\/www.europesays.com\/se\/wp-json\/wp\/v2\/users\/2"}],"replies":[{"embeddable":true,"href":"https:\/\/www.europesays.com\/se\/wp-json\/wp\/v2\/comments?post=62651"}],"version-history":[{"count":0,"href":"https:\/\/www.europesays.com\/se\/wp-json\/wp\/v2\/posts\/62651\/revisions"}],"wp:featuredmedia":[{"embeddable":true,"href":"https:\/\/www.europesays.com\/se\/wp-json\/wp\/v2\/media\/62652"}],"wp:attachment":[{"href":"https:\/\/www.europesays.com\/se\/wp-json\/wp\/v2\/media?parent=62651"}],"wp:term":[{"taxonomy":"category","embeddable":true,"href":"https:\/\/www.europesays.com\/se\/wp-json\/wp\/v2\/categories?post=62651"},{"taxonomy":"post_tag","embeddable":true,"href":"https:\/\/www.europesays.com\/se\/wp-json\/wp\/v2\/tags?post=62651"}],"curies":[{"name":"wp","href":"https:\/\/api.w.org\/{rel}","templated":true}]}}