{"id":62694,"date":"2025-10-23T15:24:09","date_gmt":"2025-10-23T15:24:09","guid":{"rendered":"https:\/\/www.europesays.com\/se\/62694\/"},"modified":"2025-10-23T15:24:09","modified_gmt":"2025-10-23T15:24:09","slug":"nystrom-valjer-finland-efter-sex-ar-i-ungdomslandslaget","status":"publish","type":"post","link":"https:\/\/www.europesays.com\/se\/62694\/","title":{"rendered":"Nystr\u00f6m v\u00e4ljer Finland efter sex \u00e5r i ungdomslandslaget"},"content":{"rendered":"<p>H\u00e4cken-anfallaren Paulina Nystr\u00f6m v\u00e4ljer bort svenska damlandslaget i fotboll. I forts\u00e4ttningen ska hon representera Finland, s\u00e4ger hon till Sportbladet.<\/p>\n<p>\u2013 Jag \u00e4r halvfinsk. Min mamma \u00e4r fr\u00e5n Finland och jag har alltid haft en koppling dit. P\u00e5 h\u00f6gtider och julafton har det alltid varit karelska piroger, och s\u00e5 har det varit vaggvisor p\u00e5 finska, s\u00e4ger hon.<\/p>\n<p>25-\u00e5ringen har spelat f\u00f6r bl\u00e5gult fr\u00e5n U17 till U23. <\/p>\n<p>Omni \u00e4r politiskt obundna och oberoende. Vi str\u00e4var efter att ge fler perspektiv p\u00e5 nyheterna. Har du fr\u00e5gor eller synpunkter kring v\u00e5r rapportering? <a href=\"https:\/\/omni.se\/nystrom-valjer-finland-efter-sex-ar-i-ungdomslandslaget\/a\/mailto:redaktion@omni.se\" class=\"ArticleActions_contactLink__W2F1M\" rel=\"nofollow noopener\" target=\"_blank\">Kontakta redaktionen<\/a><\/p>\n","protected":false},"excerpt":{"rendered":"H\u00e4cken-anfallaren Paulina Nystr\u00f6m v\u00e4ljer bort svenska damlandslaget i fotboll. I forts\u00e4ttningen ska hon representera Finland, s\u00e4ger hon till&hellip;\n","protected":false},"author":2,"featured_media":62695,"comment_status":"","ping_status":"","sticky":false,"template":"","format":"standard","meta":{"footnotes":""},"categories":[68],"tags":[2238,138,5814,34,111,110,31,33,32,30],"class_list":{"0":"post-62694","1":"post","2":"type-post","3":"status-publish","4":"format-standard","5":"has-post-thumbnail","7":"category-sport","8":"tag-bk-hacken-dam","9":"tag-fotboll","10":"tag-paulina-nystrom","11":"tag-se","12":"tag-sport","13":"tag-sports","14":"tag-svenska","15":"tag-sverige","16":"tag-sweden","17":"tag-swedish"},"share_on_mastodon":{"url":"https:\/\/pubeurope.com\/@se\/115424176659037005","error":""},"_links":{"self":[{"href":"https:\/\/www.europesays.com\/se\/wp-json\/wp\/v2\/posts\/62694","targetHints":{"allow":["GET"]}}],"collection":[{"href":"https:\/\/www.europesays.com\/se\/wp-json\/wp\/v2\/posts"}],"about":[{"href":"https:\/\/www.europesays.com\/se\/wp-json\/wp\/v2\/types\/post"}],"author":[{"embeddable":true,"href":"https:\/\/www.europesays.com\/se\/wp-json\/wp\/v2\/users\/2"}],"replies":[{"embeddable":true,"href":"https:\/\/www.europesays.com\/se\/wp-json\/wp\/v2\/comments?post=62694"}],"version-history":[{"count":0,"href":"https:\/\/www.europesays.com\/se\/wp-json\/wp\/v2\/posts\/62694\/revisions"}],"wp:featuredmedia":[{"embeddable":true,"href":"https:\/\/www.europesays.com\/se\/wp-json\/wp\/v2\/media\/62695"}],"wp:attachment":[{"href":"https:\/\/www.europesays.com\/se\/wp-json\/wp\/v2\/media?parent=62694"}],"wp:term":[{"taxonomy":"category","embeddable":true,"href":"https:\/\/www.europesays.com\/se\/wp-json\/wp\/v2\/categories?post=62694"},{"taxonomy":"post_tag","embeddable":true,"href":"https:\/\/www.europesays.com\/se\/wp-json\/wp\/v2\/tags?post=62694"}],"curies":[{"name":"wp","href":"https:\/\/api.w.org\/{rel}","templated":true}]}}