{"id":62698,"date":"2025-10-23T15:30:20","date_gmt":"2025-10-23T15:30:20","guid":{"rendered":"https:\/\/www.europesays.com\/se\/62698\/"},"modified":"2025-10-23T15:30:20","modified_gmt":"2025-10-23T15:30:20","slug":"nba-duon-gripna-misstankta-i-spelharva-basket","status":"publish","type":"post","link":"https:\/\/www.europesays.com\/se\/62698\/","title":{"rendered":"NBA-duon gripna misst\u00e4nkta i spelh\u00e4rva | Basket"},"content":{"rendered":"<p>Publicerad 23 okt 2025 kl 15.18Uppdaterad kl 16.37<\/p>\n<p>NBA-basketen skakas av en m\u00f6jlig skandal.<\/p>\n<p>Miami Heats Terry Rozier och Portland-tr\u00e4naren Chauncey Billups har gripits, rapporterar amerikanska medier.<\/p>\n<p>Det hela r\u00f6r misst\u00e4nkta betting-brott.<\/p>\n<p><img   alt=\"\"\/><\/p>\n<p>Terry Rozier<\/p>\n<p>Foto: JOHN MCCALL\/TCA\/STELLA PICTURES \/ STELLA PICTURES TRIBUNE CONTENT AGENCY<\/p>\n<p>\u00d6ppna bild i helsk\u00e4rm<img loading=\"lazy\"   alt=\"\"\/><\/p>\n<p>Chauncey Billups<\/p>\n<p>Foto: ROB GRAY \/ AP TT NYHETSBYR\u00c5N<\/p>\n<p>\u00d6ppna bild i helsk\u00e4rm<\/p>\n<p>Den svenske <a href=\"https:\/\/www.expressen.se\/tagg\/organization\/nba\/\" class=\"\" rel=\"nofollow noopener\" target=\"_blank\">NBA<\/a>-stj\u00e4rnan Pelle Larssons lagkamrat Terry Rozier har gripits f\u00f6r misstankar kopplat till illegalt spelande. S\u00e5 har \u00e4ven Portland Trailers tr\u00e4nare Chauncey Billups, rapporterar en rad amerikanska medier.<\/p>\n<p>Rozier greps under torsdagsmorgonen i Orlando, Florida, efter att laget f\u00f6rlorat sin premi\u00e4r mot just Orlando. Gripandet bekr\u00e4ftas av spelarens agent, enligt The Athletic. Var Billups frihetsber\u00f6vades framg\u00e5r inte, men Portland spelade spelade hemma i Portland, mot Minnesota, i g\u00e5r kv\u00e4ll.<\/p>\n<p>Kopplingar till maffian<\/p>\n<p>Detaljerna kring misstankarna f\u00f6r de b\u00e5da \u00e4r f\u00e5, men tv-kanalen NBC News rapporterar att FBI kommer att g\u00e5 ut med brottsmisstankarna senare under morgonen, amerikansk tid.\u00a0<\/p>\n<p>ABC News uppger att vad g\u00e4ller Billupps s\u00e5 r\u00f6r det illegal poker med kopplingar till maffian. NBC rapporterar \u00e4ven att medlemmar ur g\u00e4ng kopplade till organiserad brottslighet finns bland de som riskerar \u00e5tal i tv\u00e5 separata spelutredningar.<\/p>\n<p>Rozier har spelat i NBA i tio \u00e5r. Den tidigare storspelaren Billupps \u00e5 sin sida har coachat f\u00f6r Portland sedan 2021. Han har \u00e4ven agerat expert \u00e5t ESPN.<\/p>\n<p><strong>L\u00c4S MER: <\/strong><a href=\"https:\/\/www.expressen.se\/sport\/basket\/pelle-larsson-poanglos-i-nba-premiaren\/\" class=\"\" rel=\"nofollow noopener\" target=\"_blank\">Pelle Larsson po\u00e4ngl\u00f6s i NBA-premi\u00e4ren<\/a><\/p>\n","protected":false},"excerpt":{"rendered":"Publicerad 23 okt 2025 kl 15.18Uppdaterad kl 16.37 NBA-basketen skakas av en m\u00f6jlig skandal. Miami Heats Terry Rozier&hellip;\n","protected":false},"author":2,"featured_media":62699,"comment_status":"","ping_status":"","sticky":false,"template":"","format":"standard","meta":{"footnotes":""},"categories":[5],"tags":[22,23,26,27,17,21,24,25,28,29,15,16,2722,18,34,2126,31,33,32,30,19,20],"class_list":{"0":"post-62698","1":"post","2":"type-post","3":"status-publish","4":"format-standard","5":"has-post-thumbnail","7":"category-rubriker","8":"tag-breaking-news","9":"tag-breakingnews","10":"tag-featured-news","11":"tag-featurednews","12":"tag-headlines","13":"tag-huvudnyheter","14":"tag-latest-news","15":"tag-latestnews","16":"tag-main-news","17":"tag-mainnews","18":"tag-news","19":"tag-nyheter","20":"tag-organization-nba","21":"tag-rubriker","22":"tag-se","23":"tag-sections-basket","24":"tag-svenska","25":"tag-sverige","26":"tag-sweden","27":"tag-swedish","28":"tag-top-stories","29":"tag-topstories"},"share_on_mastodon":{"url":"https:\/\/pubeurope.com\/@se\/115424200221959366","error":""},"_links":{"self":[{"href":"https:\/\/www.europesays.com\/se\/wp-json\/wp\/v2\/posts\/62698","targetHints":{"allow":["GET"]}}],"collection":[{"href":"https:\/\/www.europesays.com\/se\/wp-json\/wp\/v2\/posts"}],"about":[{"href":"https:\/\/www.europesays.com\/se\/wp-json\/wp\/v2\/types\/post"}],"author":[{"embeddable":true,"href":"https:\/\/www.europesays.com\/se\/wp-json\/wp\/v2\/users\/2"}],"replies":[{"embeddable":true,"href":"https:\/\/www.europesays.com\/se\/wp-json\/wp\/v2\/comments?post=62698"}],"version-history":[{"count":0,"href":"https:\/\/www.europesays.com\/se\/wp-json\/wp\/v2\/posts\/62698\/revisions"}],"wp:featuredmedia":[{"embeddable":true,"href":"https:\/\/www.europesays.com\/se\/wp-json\/wp\/v2\/media\/62699"}],"wp:attachment":[{"href":"https:\/\/www.europesays.com\/se\/wp-json\/wp\/v2\/media?parent=62698"}],"wp:term":[{"taxonomy":"category","embeddable":true,"href":"https:\/\/www.europesays.com\/se\/wp-json\/wp\/v2\/categories?post=62698"},{"taxonomy":"post_tag","embeddable":true,"href":"https:\/\/www.europesays.com\/se\/wp-json\/wp\/v2\/tags?post=62698"}],"curies":[{"name":"wp","href":"https:\/\/api.w.org\/{rel}","templated":true}]}}