{"id":62772,"date":"2025-10-23T17:18:12","date_gmt":"2025-10-23T17:18:12","guid":{"rendered":"https:\/\/www.europesays.com\/se\/62772\/"},"modified":"2025-10-23T17:18:12","modified_gmt":"2025-10-23T17:18:12","slug":"felix-ohrqvist-lanas-ut-till-ssk-shl","status":"publish","type":"post","link":"https:\/\/www.europesays.com\/se\/62772\/","title":{"rendered":"Felix \u00d6hrqvist l\u00e5nas ut till SSK | SHL"},"content":{"rendered":"<p>Publicerad 23 okt 2025 kl 18.29<\/p>\n<p>Link\u00f6ping l\u00e5nar ut talangfulle backen Felix \u00d6hrqvist.<\/p>\n<p>Expressen kan nu avsl\u00f6ja att han \u00e4r klar p\u00e5 l\u00e5n till S\u00f6dert\u00e4lje som haft en tuff start p\u00e5 s\u00e4songen.<\/p>\n<p><img   alt=\"\"\/> <\/p>\n<p>Foto: MAGNUS ANDERSSON \/ BILDBYR\u00c5N<\/p>\n<p>\u00d6ppna bild i helsk\u00e4rm<\/p>\n<p>N\u00e4r Link\u00f6ping drabbar samman med Lule\u00e5 ikv\u00e4ll finns Felix \u00d6hrqvist \u00e4nnu en g\u00e5ng utanf\u00f6r laget.<\/p>\n<p>Detta beror p\u00e5 att LHC under ett par dagar unders\u00f6kt m\u00f6jligheten att l\u00e5na ut honom.<\/p>\n<p>Det blir S\u00f6dert\u00e4lje som l\u00e5nar in \u00d6hrqvist, erfar Expressen.<\/p>\n<p>LHC har under en tid f\u00f6rs\u00f6kt f\u00e5 ut \u00d6hrqvist i <a href=\"https:\/\/www.expressen.se\/tagg\/organization\/hockeyallsvenskan\/\" class=\"\" rel=\"nofollow noopener\" target=\"_blank\">Hockeyallsvenskan<\/a>, s\u00e5 han f\u00e5r speltid inf\u00f6r kommande Junior-VM, dit han i allra h\u00f6gsta grad \u00e4r aktuell. Ett antal klubbar har f\u00e5tt honom p\u00e5 bordet de senaste dagarna. Oskarshamn, som varit p\u00e5 tidigare, valde att tacka nej, d\u00e5 man redan l\u00e5nat in Victor Johansson fr\u00e5n Leksand.<\/p>\n<p>Nu blir det S\u00f6dert\u00e4lje som plockar in \u00d6hrqvist. Tanken \u00e4r att han spelar i S\u00f6dert\u00e4lje tills vidare och till en b\u00f6rjan fram till JVM, s\u00e5 l\u00e4nge det inte uppst\u00e5r skador i Link\u00f6ping.<\/p>\n<p>S\u00f6dert\u00e4lje har f\u00e5tt en tuff start p\u00e5 s\u00e4songen, och f\u00f6ll borta mot Mora under g\u00e5rdagen.<\/p>\n","protected":false},"excerpt":{"rendered":"Publicerad 23 okt 2025 kl 18.29 Link\u00f6ping l\u00e5nar ut talangfulle backen Felix \u00d6hrqvist. Expressen kan nu avsl\u00f6ja att&hellip;\n","protected":false},"author":2,"featured_media":62773,"comment_status":"","ping_status":"","sticky":false,"template":"","format":"standard","meta":{"footnotes":""},"categories":[68],"tags":[641,2025,1179,1013,34,255,823,111,110,31,33,32,30],"class_list":{"0":"post-62772","1":"post","2":"type-post","3":"status-publish","4":"format-standard","5":"has-post-thumbnail","7":"category-sport","8":"tag-organization-hockeyallsvenskan","9":"tag-organization-linkoping-hc","10":"tag-organization-shl","11":"tag-organization-sodertalje-sk","12":"tag-se","13":"tag-sections-ishockey","14":"tag-sections-shl","15":"tag-sport","16":"tag-sports","17":"tag-svenska","18":"tag-sverige","19":"tag-sweden","20":"tag-swedish"},"share_on_mastodon":{"url":"https:\/\/pubeurope.com\/@se\/115424624991169605","error":""},"_links":{"self":[{"href":"https:\/\/www.europesays.com\/se\/wp-json\/wp\/v2\/posts\/62772","targetHints":{"allow":["GET"]}}],"collection":[{"href":"https:\/\/www.europesays.com\/se\/wp-json\/wp\/v2\/posts"}],"about":[{"href":"https:\/\/www.europesays.com\/se\/wp-json\/wp\/v2\/types\/post"}],"author":[{"embeddable":true,"href":"https:\/\/www.europesays.com\/se\/wp-json\/wp\/v2\/users\/2"}],"replies":[{"embeddable":true,"href":"https:\/\/www.europesays.com\/se\/wp-json\/wp\/v2\/comments?post=62772"}],"version-history":[{"count":0,"href":"https:\/\/www.europesays.com\/se\/wp-json\/wp\/v2\/posts\/62772\/revisions"}],"wp:featuredmedia":[{"embeddable":true,"href":"https:\/\/www.europesays.com\/se\/wp-json\/wp\/v2\/media\/62773"}],"wp:attachment":[{"href":"https:\/\/www.europesays.com\/se\/wp-json\/wp\/v2\/media?parent=62772"}],"wp:term":[{"taxonomy":"category","embeddable":true,"href":"https:\/\/www.europesays.com\/se\/wp-json\/wp\/v2\/categories?post=62772"},{"taxonomy":"post_tag","embeddable":true,"href":"https:\/\/www.europesays.com\/se\/wp-json\/wp\/v2\/tags?post=62772"}],"curies":[{"name":"wp","href":"https:\/\/api.w.org\/{rel}","templated":true}]}}