{"id":62788,"date":"2025-10-23T17:38:08","date_gmt":"2025-10-23T17:38:08","guid":{"rendered":"https:\/\/www.europesays.com\/se\/62788\/"},"modified":"2025-10-23T17:38:08","modified_gmt":"2025-10-23T17:38:08","slug":"ryska-flyg-har-krankt-litauens-luftrum","status":"publish","type":"post","link":"https:\/\/www.europesays.com\/se\/62788\/","title":{"rendered":"Ryska flyg har kr\u00e4nkt Litauens luftrum"},"content":{"rendered":"<p>Det litauiska utrikesdepartementet kommer att kalla upp ryska ambassadrepresentanter efter kr\u00e4nkningen, i protest mot Rysslands v\u00e5rdsl\u00f6sa och farliga beteende, skriver president Gitanas Naus\u0117da p\u00e5 <a href=\"https:\/\/x.com\/GitanasNauseda\/status\/1981401180916912209\" rel=\"nofollow\">X<\/a>.<\/p>\n<p>\u201dDetta \u00e4r ett uppenbart brott mot internationell r\u00e4tt och Litauens territoriella integritet. Det bekr\u00e4ftar \u00e5terigen vikten av att st\u00e4rka den europeiska luftf\u00f6rsvarsberedskapen.\u201d<\/p>\n<p>I en video i inl\u00e4gget f\u00f6rd\u00f6mer presidenten h\u00e4ndelsen och f\u00f6rklarar att det g\u00e4ller ett stridsflyg och ett transportflyg som reste fr\u00e5n Kaliningrad i Ryssland. <\/p>\n<p>\u2013 Vi m\u00e5ste reagera, s\u00e4ger Gitanas Naus\u0117da.<\/p>\n<p>Kr\u00e4nkningen ska ha p\u00e5g\u00e5tt i 18 sekunder enligt Reuters, som citerar landets arm\u00e9. Spanska stridsflyg fr\u00e5n Natos baltiska flygstyrka ska ocks\u00e5 ha g\u00e5tt upp f\u00f6r att svara p\u00e5 den ryska n\u00e4rvaron.<\/p>\n<p>Texten uppdateras.<\/p>\n","protected":false},"excerpt":{"rendered":"Det litauiska utrikesdepartementet kommer att kalla upp ryska ambassadrepresentanter efter kr\u00e4nkningen, i protest mot Rysslands v\u00e5rdsl\u00f6sa och farliga&hellip;\n","protected":false},"author":2,"featured_media":793,"comment_status":"","ping_status":"","sticky":false,"template":"","format":"standard","meta":{"footnotes":""},"categories":[14],"tags":[22,23,26,27,17,21,24,25,28,29,15,16,18,34,31,33,32,30,19,20,51,52,53,54],"class_list":{"0":"post-62788","1":"post","2":"type-post","3":"status-publish","4":"format-standard","5":"has-post-thumbnail","7":"category-varlden","8":"tag-breaking-news","9":"tag-breakingnews","10":"tag-featured-news","11":"tag-featurednews","12":"tag-headlines","13":"tag-huvudnyheter","14":"tag-latest-news","15":"tag-latestnews","16":"tag-main-news","17":"tag-mainnews","18":"tag-news","19":"tag-nyheter","20":"tag-rubriker","21":"tag-se","22":"tag-svenska","23":"tag-sverige","24":"tag-sweden","25":"tag-swedish","26":"tag-top-stories","27":"tag-topstories","28":"tag-varlden","29":"tag-world","30":"tag-world-news","31":"tag-worldnews"},"share_on_mastodon":{"url":"https:\/\/pubeurope.com\/@se\/115424703471268059","error":""},"_links":{"self":[{"href":"https:\/\/www.europesays.com\/se\/wp-json\/wp\/v2\/posts\/62788","targetHints":{"allow":["GET"]}}],"collection":[{"href":"https:\/\/www.europesays.com\/se\/wp-json\/wp\/v2\/posts"}],"about":[{"href":"https:\/\/www.europesays.com\/se\/wp-json\/wp\/v2\/types\/post"}],"author":[{"embeddable":true,"href":"https:\/\/www.europesays.com\/se\/wp-json\/wp\/v2\/users\/2"}],"replies":[{"embeddable":true,"href":"https:\/\/www.europesays.com\/se\/wp-json\/wp\/v2\/comments?post=62788"}],"version-history":[{"count":0,"href":"https:\/\/www.europesays.com\/se\/wp-json\/wp\/v2\/posts\/62788\/revisions"}],"wp:featuredmedia":[{"embeddable":true,"href":"https:\/\/www.europesays.com\/se\/wp-json\/wp\/v2\/media\/793"}],"wp:attachment":[{"href":"https:\/\/www.europesays.com\/se\/wp-json\/wp\/v2\/media?parent=62788"}],"wp:term":[{"taxonomy":"category","embeddable":true,"href":"https:\/\/www.europesays.com\/se\/wp-json\/wp\/v2\/categories?post=62788"},{"taxonomy":"post_tag","embeddable":true,"href":"https:\/\/www.europesays.com\/se\/wp-json\/wp\/v2\/tags?post=62788"}],"curies":[{"name":"wp","href":"https:\/\/api.w.org\/{rel}","templated":true}]}}