{"id":62796,"date":"2025-10-23T17:56:58","date_gmt":"2025-10-23T17:56:58","guid":{"rendered":"https:\/\/www.europesays.com\/se\/62796\/"},"modified":"2025-10-23T17:56:58","modified_gmt":"2025-10-23T17:56:58","slug":"zelenskyj-om-trumpmotet-inte-illa","status":"publish","type":"post","link":"https:\/\/www.europesays.com\/se\/62796\/","title":{"rendered":"Zelenskyj om Trumpm\u00f6tet: Inte illa"},"content":{"rendered":"<p>share-arrowDela<\/p>\n<p>unsaveSpara<\/p>\n<p>expand-left<\/p>\n<p>helsk\u00e4rm<img decoding=\"async\" class=\"image-asset hyperion-css-u06ts1\" data-test-tag=\"image-asset\" src=\"https:\/\/www.europesays.com\/se\/wp-content\/uploads\/2025\/10\/08248401-8fbd-4bd7-af6a-37e39497120a\"  alt=\"Ukrainas president Volodymyr Zelenskyj h\u00e5ller presskonferens p\u00e5 torsdagens EU-toppm\u00f6te i Bryssel.\"  loading=\"eager\" fetchpriority=\"high\" style=\"aspect-ratio:1900 \/ 1267\"\/>Ukrainas president Volodymyr Zelenskyj h\u00e5ller presskonferens p\u00e5 torsdagens EU-toppm\u00f6te i Bryssel. Foto: Geert Vanden Wijngaert\/AP\/TT<\/p>\n<p class=\"hyperion-css-1shl3oz\" data-test-tag=\"lead-text\">\u2013 Inte illa.<\/p>\n<p class=\"hyperion-css-1shl3oz\" data-test-tag=\"lead-text\">Ukrainas president Volodymyr Zelenskyjs bes\u00f6k i Vita huset i f\u00f6rra veckan blev i slut\u00e4ndan inte s\u00e5 tokigt, enligt ukrainaren.<\/p>\n<p class=\"hyperion-css-1v9qo5x\">I vissa medier har tr\u00e4ffen med USA:s president Donald Trump beskrivits som ett ukrainskt nederlag, d\u00e5 Zelenskyj inte omedelbart fick l\u00f6fte om de Tomahawkrobotar som Kiev \u00f6nskar f\u00f6r att bek\u00e4mpa det ryska anfallskriget.<\/p>\n<p class=\"hyperion-css-1v9qo5x\">Men p\u00e5 torsdagens EU-toppm\u00f6te i Bryssel beskriver den ukrainska ledaren m\u00f6tet i Washington DC med ett leende.<\/p>\n<p class=\"hyperion-css-1v9qo5x\">\u2013 Vi har sanktioner mot rysk energi. Vi har \u2013 inte \u2013 ett m\u00f6te i Ungern utan Ukraina. Och vi har \u2013 inte \u00e4nnu \u2013 Tomahawkrobotar. Det \u00e4r resultatet av m\u00f6tet, det \u00e4r inte illa tycker jag, s\u00e4ger han med h\u00e4nvisning till USA:s nya sanktioner mot ryska oljebolag och det inst\u00e4llda toppm\u00f6tet i Budapest mellan Trump och Rysslands Vladimir Putin.<\/p>\n<p class=\"hyperion-css-1v9qo5x\">\u2013 Varje dag ger n\u00e5got nytt, kanske f\u00e5r vi Tomahawks i morgon.<\/p>\n","protected":false},"excerpt":{"rendered":"share-arrowDela unsaveSpara expand-left helsk\u00e4rmUkrainas president Volodymyr Zelenskyj h\u00e5ller presskonferens p\u00e5 torsdagens EU-toppm\u00f6te i Bryssel. Foto: Geert Vanden Wijngaert\/AP\/TT&hellip;\n","protected":false},"author":2,"featured_media":62797,"comment_status":"","ping_status":"","sticky":false,"template":"","format":"standard","meta":{"footnotes":""},"categories":[14],"tags":[22,23,26,27,17,21,24,25,28,29,15,16,18,34,31,33,32,30,19,20,51,52,53,54],"class_list":{"0":"post-62796","1":"post","2":"type-post","3":"status-publish","4":"format-standard","5":"has-post-thumbnail","7":"category-varlden","8":"tag-breaking-news","9":"tag-breakingnews","10":"tag-featured-news","11":"tag-featurednews","12":"tag-headlines","13":"tag-huvudnyheter","14":"tag-latest-news","15":"tag-latestnews","16":"tag-main-news","17":"tag-mainnews","18":"tag-news","19":"tag-nyheter","20":"tag-rubriker","21":"tag-se","22":"tag-svenska","23":"tag-sverige","24":"tag-sweden","25":"tag-swedish","26":"tag-top-stories","27":"tag-topstories","28":"tag-varlden","29":"tag-world","30":"tag-world-news","31":"tag-worldnews"},"share_on_mastodon":{"url":"https:\/\/pubeurope.com\/@se\/115424778250842174","error":""},"_links":{"self":[{"href":"https:\/\/www.europesays.com\/se\/wp-json\/wp\/v2\/posts\/62796","targetHints":{"allow":["GET"]}}],"collection":[{"href":"https:\/\/www.europesays.com\/se\/wp-json\/wp\/v2\/posts"}],"about":[{"href":"https:\/\/www.europesays.com\/se\/wp-json\/wp\/v2\/types\/post"}],"author":[{"embeddable":true,"href":"https:\/\/www.europesays.com\/se\/wp-json\/wp\/v2\/users\/2"}],"replies":[{"embeddable":true,"href":"https:\/\/www.europesays.com\/se\/wp-json\/wp\/v2\/comments?post=62796"}],"version-history":[{"count":0,"href":"https:\/\/www.europesays.com\/se\/wp-json\/wp\/v2\/posts\/62796\/revisions"}],"wp:featuredmedia":[{"embeddable":true,"href":"https:\/\/www.europesays.com\/se\/wp-json\/wp\/v2\/media\/62797"}],"wp:attachment":[{"href":"https:\/\/www.europesays.com\/se\/wp-json\/wp\/v2\/media?parent=62796"}],"wp:term":[{"taxonomy":"category","embeddable":true,"href":"https:\/\/www.europesays.com\/se\/wp-json\/wp\/v2\/categories?post=62796"},{"taxonomy":"post_tag","embeddable":true,"href":"https:\/\/www.europesays.com\/se\/wp-json\/wp\/v2\/tags?post=62796"}],"curies":[{"name":"wp","href":"https:\/\/api.w.org\/{rel}","templated":true}]}}