{"id":62806,"date":"2025-10-23T18:22:07","date_gmt":"2025-10-23T18:22:07","guid":{"rendered":"https:\/\/www.europesays.com\/se\/62806\/"},"modified":"2025-10-23T18:22:07","modified_gmt":"2025-10-23T18:22:07","slug":"hotfulla-tongangar-mot-netanyahu-fran-vita-huset","status":"publish","type":"post","link":"https:\/\/www.europesays.com\/se\/62806\/","title":{"rendered":"Hotfulla tong\u00e5ngar mot Netanyahu fr\u00e5n Vita huset"},"content":{"rendered":"<p>Det h\u00e4r meddelar TV12:s Washingtonkorrespondent Barak Ravid, som \u00e4r president Trumps inofficiella spr\u00e5kr\u00f6r i israelisk press.<\/p>\n<p>De h\u00e5rda orden kom efter ett dygn som frestat h\u00e5rt p\u00e5 relationen Trump-Netanyahu; f\u00f6rst med Knessets \u201dja\u201d till ett lagf\u00f6rslag om annektering av V\u00e4stbanken, sedan med finansminister Bezalel Smotrichs h\u00e5nfulla beskrivning av Saudiarabien.<\/p>\n<p><strong>Voteringen i Knesset<\/strong> har ingen praktisk betydelse. F\u00f6r att lagen ska tr\u00e4da i kraft beh\u00f6vs ytterligare tv\u00e5 voteringar, som Netanyahu inte kommer att till\u00e5ta. Men vicepresident JD Vance, som befann sig i Israel d\u00e5 Knesset r\u00f6stade, sade vid sin avf\u00e4rd att han k\u00e4nner sig f\u00f6rol\u00e4mpad \u00f6ver det som intr\u00e4ffat.<\/p>\n<p>\u2013\u00a0De s\u00e4ger att omr\u00f6stningen bara var en politisk markering. I s\u00e5 fall var det en mycket dum markering. V\u00e4stbanken kommer inte att annekteras!<\/p>\n<p>Finansminister Smotrich sade tidigare p\u00e5 dagen om Trumps l\u00f6fte till Saudiarabien att stoppa annektering av V\u00e4stbanken:<\/p>\n<p>\u2013\u00a0Om vi ska avst\u00e5 fr\u00e5n V\u00e4stbanken f\u00f6r att vinna diplomatiska relationer, s\u00e5 s\u00e4ger jag till saudierna: Ni kan forts\u00e4tta rida p\u00e5 era kameler d\u00e4r borta i sanden!<\/p>\n<p><strong>Yttrandet v\u00e5llade p\u00e5 panik<\/strong> p\u00e5 premi\u00e4rministerns kansli, och bara en timme senare bad Smotrich om urs\u00e4kt f\u00f6r sitt utfall, som v\u00e4ckt stor indignation i Saudiarabien. En saudisk regimk\u00e4lla p\u00e5pekade:<\/p>\n<p>\u201dV\u00e5r ekonomi \u00e4r fyra g\u00e5nger s\u00e5 stor som Israels. Vi \u00e4r sj\u00e4lvf\u00f6rs\u00f6rjande och mottar inget bist\u00e5nd fr\u00e5n n\u00e5gon, tv\u00e4rtom, vi ger bist\u00e5nd till 170 l\u00e4nder.\u201d<\/p>\n<p>Yttrandet anspelar p\u00e5 USA:s \u00e5rliga st\u00f6d till Israel p\u00e5 4 miljarder dollar.<\/p>\n","protected":false},"excerpt":{"rendered":"Det h\u00e4r meddelar TV12:s Washingtonkorrespondent Barak Ravid, som \u00e4r president Trumps inofficiella spr\u00e5kr\u00f6r i israelisk press. De h\u00e5rda&hellip;\n","protected":false},"author":2,"featured_media":62807,"comment_status":"","ping_status":"","sticky":false,"template":"","format":"standard","meta":{"footnotes":""},"categories":[14],"tags":[22,23,26,27,17,21,24,25,28,29,15,16,18,34,31,33,32,30,19,20,51,52,53,54],"class_list":{"0":"post-62806","1":"post","2":"type-post","3":"status-publish","4":"format-standard","5":"has-post-thumbnail","7":"category-varlden","8":"tag-breaking-news","9":"tag-breakingnews","10":"tag-featured-news","11":"tag-featurednews","12":"tag-headlines","13":"tag-huvudnyheter","14":"tag-latest-news","15":"tag-latestnews","16":"tag-main-news","17":"tag-mainnews","18":"tag-news","19":"tag-nyheter","20":"tag-rubriker","21":"tag-se","22":"tag-svenska","23":"tag-sverige","24":"tag-sweden","25":"tag-swedish","26":"tag-top-stories","27":"tag-topstories","28":"tag-varlden","29":"tag-world","30":"tag-world-news","31":"tag-worldnews"},"share_on_mastodon":{"url":"https:\/\/pubeurope.com\/@se\/115424876479793517","error":""},"_links":{"self":[{"href":"https:\/\/www.europesays.com\/se\/wp-json\/wp\/v2\/posts\/62806","targetHints":{"allow":["GET"]}}],"collection":[{"href":"https:\/\/www.europesays.com\/se\/wp-json\/wp\/v2\/posts"}],"about":[{"href":"https:\/\/www.europesays.com\/se\/wp-json\/wp\/v2\/types\/post"}],"author":[{"embeddable":true,"href":"https:\/\/www.europesays.com\/se\/wp-json\/wp\/v2\/users\/2"}],"replies":[{"embeddable":true,"href":"https:\/\/www.europesays.com\/se\/wp-json\/wp\/v2\/comments?post=62806"}],"version-history":[{"count":0,"href":"https:\/\/www.europesays.com\/se\/wp-json\/wp\/v2\/posts\/62806\/revisions"}],"wp:featuredmedia":[{"embeddable":true,"href":"https:\/\/www.europesays.com\/se\/wp-json\/wp\/v2\/media\/62807"}],"wp:attachment":[{"href":"https:\/\/www.europesays.com\/se\/wp-json\/wp\/v2\/media?parent=62806"}],"wp:term":[{"taxonomy":"category","embeddable":true,"href":"https:\/\/www.europesays.com\/se\/wp-json\/wp\/v2\/categories?post=62806"},{"taxonomy":"post_tag","embeddable":true,"href":"https:\/\/www.europesays.com\/se\/wp-json\/wp\/v2\/tags?post=62806"}],"curies":[{"name":"wp","href":"https:\/\/api.w.org\/{rel}","templated":true}]}}