{"id":62914,"date":"2025-10-23T21:43:28","date_gmt":"2025-10-23T21:43:28","guid":{"rendered":"https:\/\/www.europesays.com\/se\/62914\/"},"modified":"2025-10-23T21:43:28","modified_gmt":"2025-10-23T21:43:28","slug":"skador-pa-nyckelspelare-nar-rogle-vann-sasongens-andra-rivalmote-shl","status":"publish","type":"post","link":"https:\/\/www.europesays.com\/se\/62914\/","title":{"rendered":"Skador p\u00e5 nyckelspelare n\u00e4r R\u00f6gle vann s\u00e4songens andra rivalm\u00f6te | SHL"},"content":{"rendered":"<p>Publicerad 23 okt 2025 kl 21.29Uppdaterad kl 23.26<\/p>\n<p>R\u00f6gle vann \u00e4ven s\u00e4songens andra rivalm\u00f6te mot Malm\u00f6.<\/p>\n<p>Men det blev en kostsam match f\u00f6r b\u00e5da lagen.<\/p>\n<p>R\u00f6gle fick se sin lagkapten Anton Bengtsson kliva av tidigt, och i bortalaget klev m\u00e5lvakten Marek Langhamer av.<\/p>\n<p>\u2013 Det \u00e4r frustrerande med alla enkla m\u00e5l, s\u00e4ger Tomas Kollar.<\/p>\n<p><img loading=\"lazy\"   alt=\"\"\/> <\/p>\n<p>Foto: NICLAS J\u00d6NSSON \/ BILDBYR\u00c5N<\/p>\n<p>\u00d6ppna bild i helsk\u00e4rm<img loading=\"lazy\"   alt=\"\"\/> <\/p>\n<p>Foto: NICLAS J\u00d6NSSON \/ BILDBYR\u00c5N<\/p>\n<p>\u00d6ppna bild i helsk\u00e4rm<img loading=\"lazy\"   alt=\"\"\/> <\/p>\n<p>Foto: NICLAS J\u00d6NSSON \/ BILDBYR\u00c5N<\/p>\n<p>\u00d6ppna bild i helsk\u00e4rm<\/p>\n<p>Till en b\u00f6rjan s\u00e5g det h\u00e4r ut att vara R\u00f6gles match helt och h\u00e5llet.<\/p>\n<p>Man vann skotten f\u00f6rkrossande i den f\u00f6rsta perioden, och Malm\u00f6s fr\u00e5nvaro p\u00e5 grund av skador och avst\u00e4ngning p\u00e5 sin stj\u00e4rna Janne Kuokkanen s\u00e5g ut att h\u00e4mma laget ordentligt. \u00c4nd\u00e5 lyckades man jobba sig in i matchen och hade 2-2 sent i den andra perioden. D\u00e5 hade R\u00f6gle f\u00e5tt sin lagkapten Anton Bengtsson skadad, och Josh Dickinson missade ocks\u00e5 n\u00e4r han utgick, f\u00f6r att senare komma tillbaka.<\/p>\n<p>F\u00f6r Malm\u00f6s del blev det ocks\u00e5 en riktigt tuff sm\u00e4ll. M\u00e5lvakten Marek Langhamer fick kliva av efter den andra perioden. En kollission med R\u00f6gles Dennis Everberg fick domarna Linus \u00d6hlund och Tobias Bj\u00f6rk att kolla lite extra, men man h\u00f6ll ner det till en tv\u00e5minutare. N\u00e4r lagen spelade fyra mot fyra s\u00e5 gick Malm\u00f6f\u00f6rsvaret bort sig och sl\u00e4ppte fram Leon Bristedt, som satte 3-2 med bara fyra sekunder kvar av den andra perioden.<\/p>\n<p>Oklar status f\u00f6r stj\u00e4rnorna<\/p>\n<p>Efter det orkade bortalaget inte kraftsamla och Lubos Horky kunde i den tredje perioden trycka in 4-2, \u00e4ven om Lauri Pajuniemi kunde g\u00f6ra 4-3 i fem mot tre i slutet av perioden. Calvin de Haan kunde trycka in 5-3 i tom bur fr\u00e5n egen planhalva.<\/p>\n<p>\u2013 Jag tycker vi generellt blir f\u00f6r stillast\u00e5ende. Jag tycker inte vi g\u00f6r alla de sakerna vi gjort bra \u00f6ver en l\u00e5ng tid nu. Det \u00e4r m\u00f6jligt att det \u00e4r lite tr\u00f6tthetstendenser. Vi har h\u00e5llit ig\u00e5ng m\u00e5nga veckor nu sedan vi drog ig\u00e5ng i somras. D\u00e4rf\u00f6r \u00e4r jag glad att vi g\u00f6r vissa saker som visa mycket attityd, t\u00e4cka skott, och s\u00e5dana saker som \u00e4r viktiga, s\u00e4ger Dan Tangnes.<\/p>\n<p><strong>Vad \u00e4r statusen p\u00e5 Anton Bengtsson?<\/strong><\/p>\n<p>\u2013 Jag vet inte exakt just nu. Vi f\u00e5r se. Men jag kan generellt tycka att det \u00e4r b\u00e4ttre att man granskar alla, att man tar en femma, och kan titta i lugn och roll. Nu vet jag inte ens om det \u00e4r utvisning. Men tittar man s\u00e5 blir det enklare att ta ett beslut.<\/p>\n<p>Tomas Kollar ville inte kommentera Marek Langhamers status.<\/p>\n","protected":false},"excerpt":{"rendered":"Publicerad 23 okt 2025 kl 21.29Uppdaterad kl 23.26 R\u00f6gle vann \u00e4ven s\u00e4songens andra rivalm\u00f6te mot Malm\u00f6. Men det&hellip;\n","protected":false},"author":2,"featured_media":62915,"comment_status":"","ping_status":"","sticky":false,"template":"","format":"standard","meta":{"footnotes":""},"categories":[5],"tags":[22,23,26,27,17,21,24,25,28,29,15,16,2735,1015,1179,18,34,255,823,31,33,32,30,19,20],"class_list":{"0":"post-62914","1":"post","2":"type-post","3":"status-publish","4":"format-standard","5":"has-post-thumbnail","7":"category-rubriker","8":"tag-breaking-news","9":"tag-breakingnews","10":"tag-featured-news","11":"tag-featurednews","12":"tag-headlines","13":"tag-huvudnyheter","14":"tag-latest-news","15":"tag-latestnews","16":"tag-main-news","17":"tag-mainnews","18":"tag-news","19":"tag-nyheter","20":"tag-organization-malmo-redhawks","21":"tag-organization-rogle-bk","22":"tag-organization-shl","23":"tag-rubriker","24":"tag-se","25":"tag-sections-ishockey","26":"tag-sections-shl","27":"tag-svenska","28":"tag-sverige","29":"tag-sweden","30":"tag-swedish","31":"tag-top-stories","32":"tag-topstories"},"share_on_mastodon":{"url":"https:\/\/pubeurope.com\/@se\/115425666918236618","error":""},"_links":{"self":[{"href":"https:\/\/www.europesays.com\/se\/wp-json\/wp\/v2\/posts\/62914","targetHints":{"allow":["GET"]}}],"collection":[{"href":"https:\/\/www.europesays.com\/se\/wp-json\/wp\/v2\/posts"}],"about":[{"href":"https:\/\/www.europesays.com\/se\/wp-json\/wp\/v2\/types\/post"}],"author":[{"embeddable":true,"href":"https:\/\/www.europesays.com\/se\/wp-json\/wp\/v2\/users\/2"}],"replies":[{"embeddable":true,"href":"https:\/\/www.europesays.com\/se\/wp-json\/wp\/v2\/comments?post=62914"}],"version-history":[{"count":0,"href":"https:\/\/www.europesays.com\/se\/wp-json\/wp\/v2\/posts\/62914\/revisions"}],"wp:featuredmedia":[{"embeddable":true,"href":"https:\/\/www.europesays.com\/se\/wp-json\/wp\/v2\/media\/62915"}],"wp:attachment":[{"href":"https:\/\/www.europesays.com\/se\/wp-json\/wp\/v2\/media?parent=62914"}],"wp:term":[{"taxonomy":"category","embeddable":true,"href":"https:\/\/www.europesays.com\/se\/wp-json\/wp\/v2\/categories?post=62914"},{"taxonomy":"post_tag","embeddable":true,"href":"https:\/\/www.europesays.com\/se\/wp-json\/wp\/v2\/tags?post=62914"}],"curies":[{"name":"wp","href":"https:\/\/api.w.org\/{rel}","templated":true}]}}