{"id":62937,"date":"2025-10-23T23:33:21","date_gmt":"2025-10-23T23:33:21","guid":{"rendered":"https:\/\/www.europesays.com\/se\/62937\/"},"modified":"2025-10-23T23:33:21","modified_gmt":"2025-10-23T23:33:21","slug":"ukraina-far-friare-hand-med-langdistansrobot","status":"publish","type":"post","link":"https:\/\/www.europesays.com\/se\/62937\/","title":{"rendered":"Ukraina f\u00e5r friare hand med l\u00e5ngdistansrobot"},"content":{"rendered":"<p class=\"boxtextgrotesk-root_baa6 hyperion-css-7pajle\">Publicerad 2025-10-22 23.03<\/p>\n<p>share-arrowDela<\/p>\n<p>unsaveSpara<\/p>\n<p>expand-left<\/p>\n<p>helsk\u00e4rm<img decoding=\"async\" class=\"image-asset hyperion-css-u06ts1\" data-test-tag=\"image-asset\" src=\"https:\/\/www.europesays.com\/se\/wp-content\/uploads\/2025\/10\/19529d10-5f67-4d0e-b1b5-b0b30f71cdbf\"  alt=\"En Storm Shadow-robot vid en f\u00f6rsvarsm\u00e4ssa norr om Paris i juni.\"  loading=\"eager\" fetchpriority=\"high\" style=\"aspect-ratio:1900 \/ 1267\"\/>En Storm Shadow-robot vid en f\u00f6rsvarsm\u00e4ssa norr om Paris i juni. Foto: Michel Euler\/AP\/TT<\/p>\n<p class=\"hyperion-css-1shl3oz\" data-test-tag=\"lead-text\">USA har h\u00e4vt en form av restriktion kring Ukrainas anv\u00e4ndning av vissa l\u00e5ngdistansrobotar levererade av allierade v\u00e4stl\u00e4nder, rapporterar Wall Street Journal (WSJ).<\/p>\n<p class=\"hyperion-css-1v9qo5x\">Syftet ska vara att l\u00e5ta Kiev trappa upp sina attacker mot m\u00e5l i Ryssland och d\u00e4rmed s\u00e4tta \u00f6kad press p\u00e5 Kreml, skriver tidningen, som h\u00e4nvisar till anonyma amerikanska regeringsf\u00f6retr\u00e4dare.<\/p>\n<p class=\"hyperion-css-1v9qo5x\">Det r\u00f6r sig fr\u00e4mst om brittisktillverkade Storm Shadow-robotar som avfyras fr\u00e5n ukrainska stridsflyg med en r\u00e4ckvidd p\u00e5 n\u00e4rmare 30 mil. USA kan begr\u00e4nsa Ukrainas anv\u00e4ndning av robotarna eftersom de nyttjar amerikansk sp\u00e5rningsinformation, skriver WSJ.<\/p>\n<p class=\"hyperion-css-1v9qo5x\">Ukrainsk milit\u00e4r har uppgett att man p\u00e5 tisdagskv\u00e4llen anv\u00e4nde vapnet i en attack mot en rysk fabrik som tillverkar milit\u00e4r materiel.<\/p>\n<p>Beslutsmandat flyttat<\/p>\n<p class=\"hyperion-css-1v9qo5x\">USA:s f\u00f6rre president Joe Biden godk\u00e4nde Ukrainas anv\u00e4ndande av Storm Shadow, samt amerikanska s\u00e5 kallade Atacms-robotar, mot m\u00e5l i Ryssland under slutet av sin mandatperiod. Men efter att Donald Trump tilltr\u00e4dde inf\u00f6rde Pentagon ett f\u00f6rfarande som innebar att USA:s f\u00f6rsvarsminister m\u00e5ste godk\u00e4nna ukrainskt anv\u00e4ndande av vapnen i gr\u00e4ns\u00f6verskridande attacker, skriver WSJ.<\/p>\n<p class=\"hyperion-css-1v9qo5x\">Nyligen flyttades dock det beslutsmandatet till USA:s toppgeneral i Europa, tillika Natobef\u00e4l, Alexus Grynkewich \u2013 och det \u00e4r efter det som Ukraina f\u00e5tt gr\u00f6nt ljus f\u00f6r att anv\u00e4nda vapnen, enligt tidningens k\u00e4llor.<\/p>\n<p>Tillbakavisas av Trump<\/p>\n<p class=\"hyperion-css-1v9qo5x\">Vita huset har inte officiellt g\u00e5tt ut med detta.<\/p>\n<p class=\"hyperion-css-1v9qo5x\">Trump avf\u00e4rdar att USA godk\u00e4nt anv\u00e4ndandet av l\u00e5ngdistansrobotarna \u201ddjupt inne i Ryssland\u201d.<\/p>\n<p class=\"hyperion-css-1v9qo5x\">\u201dUSA har ingenting att g\u00f6ra med de robotarna, varifr\u00e5n de \u00e4n kommer eller vad Ukraina g\u00f6r med dem!\u201d, skriver presidenten p\u00e5 Truth Social.<\/p>\n<p class=\"hyperion-css-1v9qo5x\">Storm Shadow ska inte f\u00f6rv\u00e4xlas med de betydligt mer kapabla Tomahawk-robotarna, med en r\u00e4ckvidd p\u00e5 omkring 160 mil, som Ukraina hett eftertraktar. Trump har tidigare visat viss \u00f6ppenhet kring att f\u00f6rse Ukraina med s\u00e5dana robotar, men har p\u00e5 sistone backat i fr\u00e5gan.<\/p>\n","protected":false},"excerpt":{"rendered":"Publicerad 2025-10-22 23.03 share-arrowDela unsaveSpara expand-left helsk\u00e4rmEn Storm Shadow-robot vid en f\u00f6rsvarsm\u00e4ssa norr om Paris i juni. Foto:&hellip;\n","protected":false},"author":2,"featured_media":62938,"comment_status":"","ping_status":"","sticky":false,"template":"","format":"standard","meta":{"footnotes":""},"categories":[14],"tags":[22,23,26,27,17,21,24,25,28,29,15,16,18,34,31,33,32,30,19,20,51,52,53,54],"class_list":{"0":"post-62937","1":"post","2":"type-post","3":"status-publish","4":"format-standard","5":"has-post-thumbnail","7":"category-varlden","8":"tag-breaking-news","9":"tag-breakingnews","10":"tag-featured-news","11":"tag-featurednews","12":"tag-headlines","13":"tag-huvudnyheter","14":"tag-latest-news","15":"tag-latestnews","16":"tag-main-news","17":"tag-mainnews","18":"tag-news","19":"tag-nyheter","20":"tag-rubriker","21":"tag-se","22":"tag-svenska","23":"tag-sverige","24":"tag-sweden","25":"tag-swedish","26":"tag-top-stories","27":"tag-topstories","28":"tag-varlden","29":"tag-world","30":"tag-world-news","31":"tag-worldnews"},"share_on_mastodon":{"url":"https:\/\/pubeurope.com\/@se\/115426099485646362","error":""},"_links":{"self":[{"href":"https:\/\/www.europesays.com\/se\/wp-json\/wp\/v2\/posts\/62937","targetHints":{"allow":["GET"]}}],"collection":[{"href":"https:\/\/www.europesays.com\/se\/wp-json\/wp\/v2\/posts"}],"about":[{"href":"https:\/\/www.europesays.com\/se\/wp-json\/wp\/v2\/types\/post"}],"author":[{"embeddable":true,"href":"https:\/\/www.europesays.com\/se\/wp-json\/wp\/v2\/users\/2"}],"replies":[{"embeddable":true,"href":"https:\/\/www.europesays.com\/se\/wp-json\/wp\/v2\/comments?post=62937"}],"version-history":[{"count":0,"href":"https:\/\/www.europesays.com\/se\/wp-json\/wp\/v2\/posts\/62937\/revisions"}],"wp:featuredmedia":[{"embeddable":true,"href":"https:\/\/www.europesays.com\/se\/wp-json\/wp\/v2\/media\/62938"}],"wp:attachment":[{"href":"https:\/\/www.europesays.com\/se\/wp-json\/wp\/v2\/media?parent=62937"}],"wp:term":[{"taxonomy":"category","embeddable":true,"href":"https:\/\/www.europesays.com\/se\/wp-json\/wp\/v2\/categories?post=62937"},{"taxonomy":"post_tag","embeddable":true,"href":"https:\/\/www.europesays.com\/se\/wp-json\/wp\/v2\/tags?post=62937"}],"curies":[{"name":"wp","href":"https:\/\/api.w.org\/{rel}","templated":true}]}}