{"id":62946,"date":"2025-10-23T23:51:37","date_gmt":"2025-10-23T23:51:37","guid":{"rendered":"https:\/\/www.europesays.com\/se\/62946\/"},"modified":"2025-10-23T23:51:37","modified_gmt":"2025-10-23T23:51:37","slug":"debatt-planera-i-tid-infor-att-vinstdrivande-friskolor-forsvinner-di","status":"publish","type":"post","link":"https:\/\/www.europesays.com\/se\/62946\/","title":{"rendered":"DEBATT: Planera i tid inf\u00f6r att vinstdrivande friskolor f\u00f6rsvinner &#8211; DI"},"content":{"rendered":"<ol>\n<li><a href=\"https:\/\/news.google.com\/rss\/articles\/CBMijAFBVV95cUxNZXF6X2xBN2pFV1k3cV9MSUZFVmowbk15NEN3MTRRRHBUVG9ySVlkaG5hbURhNWVRdGM1Z05NalJ5Nk9qWFBsSjR1WjBOMnZlNzFsTURWQlpUcVBpRUI0RUVySlZfMjYwUUZZMzJ6clFET3VJd25uZXVtRUJrQ0NXQ05WUVFpa3JuaXJaSw?oc=5\" target=\"_blank\" rel=\"nofollow noopener\">DEBATT: Planera i tid inf\u00f6r att vinstdrivande friskolor f\u00f6rsvinner<\/a>&nbsp;&nbsp;DI<\/li>\n<li><a href=\"https:\/\/news.google.com\/rss\/articles\/CBMinAFBVV95cUxNNDRndDZOTmZHYVZ1NGZOWkQ5VjRnYlR3Yl9haFRmdW13ekNzT0EwWlBBMU9mZVM1N2ZuR1NMYUlXRjUtb1F6OFk5ZkNKYXhRUXVoZHczOVY5ek5idmZGWDNIWlV6Z0xPQWZNRGlsTXhnbGEwbW5qdkRNengydTFxVHQzV2E4Tl84dmJZQVpjUmJnQi1PQXgxSkJDdnc?oc=5\" target=\"_blank\" rel=\"nofollow noopener\">Almega rasar mot Liberalernas f\u00f6rslag om vinstf\u00f6rbud i skolan<\/a>&nbsp;&nbsp;SVT Nyheter<\/li>\n<li><a href=\"https:\/\/news.google.com\/rss\/articles\/CBMivAFBVV95cUxPWUYwUXZHLUVaY01lNjF2SzJQOVJoZVZhZWo4QUtsVnd5VU12aGFJTjUxeHdMZ0d1cmU2M2l0TGFIemVsM283ZkREeENsTU0yY19iNDBPRHg0US1ZTUtWYllJUVM5empicUFtakZ3T29tN2dwSHhXX09naFpjeG1xcFhvU1NndnZJSDVyWFNBeVEzbDRRcUZ4LXIzZjBnMFpzRnhsNzVRYk45bjhUYTVSeElMYU5pWHdqSnNEZQ?oc=5\" target=\"_blank\" rel=\"nofollow noopener\">G\u00e5 inte p\u00e5 L:s utspel om f\u00f6rbud mot vinster i skolan<\/a>&nbsp;&nbsp;Aftonbladet<\/li>\n<li><a href=\"https:\/\/news.google.com\/rss\/articles\/CBMi3AFBVV95cUxQLVJSTm1hMDNZN1FUeGh1Ty1adlE0QkhBSFZ1QVQtbEV4anJvcjdtR2tRQmhfUVF3cHlkY2pVblJZUkNzTi1OOFlxR2E1MlZEWENQUkVFOHZmcEIzSzlRLWVPSlFQd0pVWlI2SGxfa1JsSjFRQkd4bTNCSXdfQm9mNmtEakpfOE1rMk5ZY0puM0V1VmlqdGc5bXFiWDItRDVkdVFZTTZpTV90bGo2cmNCTjVHMVBFb3JoYUtBLXd6OEdlcVVGRWFyYnlVSEZqendiVWtNNDNQME1peFF6?oc=5\" target=\"_blank\" rel=\"nofollow noopener\">Almega Utbildning: \u201dAtt f\u00f6rbjuda aktiebolag i skolan \u00e4r ett oseri\u00f6st f\u00f6rslag\u201d<\/a>&nbsp;&nbsp;Via TT<\/li>\n<li><a href=\"https:\/\/news.google.com\/rss\/articles\/CBMikwFBVV95cUxPMHhnMHZUS0lvdWpLS21OZjE3czJ4ODFoQk93Z0EtZXU5aElWcnJ3YWJVS1NiMFA4c3VZQUxDQmlBUWZqRzJLQ2IxMVhKLWt1eXV3cVNodWF0S3k1c000TGFaTng4X0lCWHdTN3pNeS02bDFzT3NRRklIb01nQ3FSVkFQcV9fam9DWnlQMENUS19kS1E?oc=5\" target=\"_blank\" rel=\"nofollow noopener\">Ygeman kritiserar L-f\u00f6rslaget om aktiebolag: \u201dMenar inte allvar\u201d<\/a>&nbsp;&nbsp;ETC.se<\/li>\n<\/ol>\n","protected":false},"excerpt":{"rendered":"DEBATT: Planera i tid inf\u00f6r att vinstdrivande friskolor f\u00f6rsvinner&nbsp;&nbsp;DI Almega rasar mot Liberalernas f\u00f6rslag om vinstf\u00f6rbud i skolan&nbsp;&nbsp;SVT&hellip;\n","protected":false},"author":2,"featured_media":62947,"comment_status":"","ping_status":"","sticky":false,"template":"","format":"standard","meta":{"footnotes":""},"categories":[5],"tags":[22,23,26,27,17,21,24,25,28,29,15,16,18,34,31,33,32,30,19,20],"class_list":{"0":"post-62946","1":"post","2":"type-post","3":"status-publish","4":"format-standard","5":"has-post-thumbnail","7":"category-rubriker","8":"tag-breaking-news","9":"tag-breakingnews","10":"tag-featured-news","11":"tag-featurednews","12":"tag-headlines","13":"tag-huvudnyheter","14":"tag-latest-news","15":"tag-latestnews","16":"tag-main-news","17":"tag-mainnews","18":"tag-news","19":"tag-nyheter","20":"tag-rubriker","21":"tag-se","22":"tag-svenska","23":"tag-sverige","24":"tag-sweden","25":"tag-swedish","26":"tag-top-stories","27":"tag-topstories"},"share_on_mastodon":{"url":"https:\/\/pubeurope.com\/@se\/115426170157336815","error":""},"_links":{"self":[{"href":"https:\/\/www.europesays.com\/se\/wp-json\/wp\/v2\/posts\/62946","targetHints":{"allow":["GET"]}}],"collection":[{"href":"https:\/\/www.europesays.com\/se\/wp-json\/wp\/v2\/posts"}],"about":[{"href":"https:\/\/www.europesays.com\/se\/wp-json\/wp\/v2\/types\/post"}],"author":[{"embeddable":true,"href":"https:\/\/www.europesays.com\/se\/wp-json\/wp\/v2\/users\/2"}],"replies":[{"embeddable":true,"href":"https:\/\/www.europesays.com\/se\/wp-json\/wp\/v2\/comments?post=62946"}],"version-history":[{"count":0,"href":"https:\/\/www.europesays.com\/se\/wp-json\/wp\/v2\/posts\/62946\/revisions"}],"wp:featuredmedia":[{"embeddable":true,"href":"https:\/\/www.europesays.com\/se\/wp-json\/wp\/v2\/media\/62947"}],"wp:attachment":[{"href":"https:\/\/www.europesays.com\/se\/wp-json\/wp\/v2\/media?parent=62946"}],"wp:term":[{"taxonomy":"category","embeddable":true,"href":"https:\/\/www.europesays.com\/se\/wp-json\/wp\/v2\/categories?post=62946"},{"taxonomy":"post_tag","embeddable":true,"href":"https:\/\/www.europesays.com\/se\/wp-json\/wp\/v2\/tags?post=62946"}],"curies":[{"name":"wp","href":"https:\/\/api.w.org\/{rel}","templated":true}]}}