{"id":62948,"date":"2025-10-23T23:53:26","date_gmt":"2025-10-23T23:53:26","guid":{"rendered":"https:\/\/www.europesays.com\/se\/62948\/"},"modified":"2025-10-23T23:53:26","modified_gmt":"2025-10-23T23:53:26","slug":"nordin-tillbaka-som-forlorare-hatten-av-vi-ar-chanslosa-smalanningen","status":"publish","type":"post","link":"https:\/\/www.europesays.com\/se\/62948\/","title":{"rendered":"Nordin tillbaka \u2013 som f\u00f6rlorare: \u201dHatten av, vi \u00e4r chansl\u00f6sa\u201d &#8211; Sm\u00e5l\u00e4nningen"},"content":{"rendered":"<ol>\n<li><a href=\"https:\/\/news.google.com\/rss\/articles\/CBMilwFBVV95cUxNSGE5RXc2WkdOZ2gxMTAyOVBtLXJSMVdTRGZZd1h3S0xId1FvN3lWUXd3dWlqQUswQWpDaTZoaEU1OG9LZVRTa01DT0lnSE83QUcxOGJBbDNYQ3J5ZzloZ3o4OF9VLXFua0U4S0pEMm05MU40VzVsTlhVZ2lEZkZ2OE41aGRvRWNpMGhqaDdibHRjUmpnREpF?oc=5\" target=\"_blank\" rel=\"nofollow noopener\">Nordin tillbaka \u2013 som f\u00f6rlorare: \u201dHatten av, vi \u00e4r chansl\u00f6sa\u201d<\/a>&nbsp;&nbsp;Sm\u00e5l\u00e4nningen<\/li>\n<li><a href=\"https:\/\/news.google.com\/rss\/articles\/CBMifkFVX3lxTE5YTHFOejdKYkdYRHpTU3FjYmd5TjBlYUY4ZURrS2xPMkNrRWV3bDlpSjFyZ1ZEZFMyYm1DRm5RRkhPaFBEM3J5WWtMU3hZWWRZS2RZZTFBeXdJZXhQZ25lYVZaVkhwbUVqc3hleW1lMGpwTjR0b1hhRFZQZkszZw?oc=5\" target=\"_blank\" rel=\"nofollow noopener\">F\u00f6rlustsviten bruten f\u00f6r Troja-Ljungby<\/a>&nbsp;&nbsp;V\u00e4sterbottens-Kuriren<\/li>\n<li><a href=\"https:\/\/news.google.com\/rss\/articles\/CBMilAFBVV95cUxNSUVzQTc2aENuUWVUWDNmY2x0bDR3d1R5cGxERk11QjVscl9IM01WQjJqeEczajgzZTBEdFZXQkRqUkdaUmktMjNZejZEbHd3d0x5UUtaa0J3Zk1jaTRRT0oweG5Qc1lnLUo2ZzRwVlVRcWVjWm5UQ3NGNkNqZjA5Zm01bEVUQjg2NmFpRWhGTTVGX0ZZ?oc=5\" target=\"_blank\" rel=\"nofollow noopener\">Trojas f\u00f6rsta fullpo\u00e4ngare: \u201dVi har gjort betydligt b\u00e4ttre matcher\u201d<\/a>&nbsp;&nbsp;Sm\u00e5landsposten<\/li>\n<li><a href=\"https:\/\/news.google.com\/rss\/articles\/CBMikwFBVV95cUxNbFZXcm1NRm53dk5laGlzalk3bUQxS1lVNUtYcmdIU1JfaGlMRVV1V0FjUlYybklOcDV6OWt1QnRBMDE2ZXB2cHZ1MjZ0Y05GWEo0YXpLTmR1dnNqMDdVclZnQ21KRnZiSW43YkhkQVQ4dUI3WUU1UzFwT2hjY3NtV29kTXR1UGdEV0xSSl9abnZWSVU?oc=5\" target=\"_blank\" rel=\"nofollow noopener\">Nytt f\u00f6rsvarshaveri s\u00e4nkte Vikings: \u201dIlska och frustration\u201d<\/a>&nbsp;&nbsp;Barometern-OT<\/li>\n<li><a href=\"https:\/\/news.google.com\/rss\/articles\/CBMigwFBVV95cUxQbUU2cUVpbXFKVk0wRFB3djkxN2Z5RmpVNTJ2LXlNTHdNZlRHNFJOeE1lX19TME9QZlM3RkJTSFdzbUJRUGg3TjJHZDhqSDZTZDFNZjZpa3BSTldzNmlHZHhVUnJFZG0zOVluSDZfTm5xQXBhTVpLb1otcTRnTm5CdmtqMA?oc=5\" target=\"_blank\" rel=\"nofollow noopener\">Trojas dr\u00f6mstart mot Nybro \u2013 importens f\u00f6rsta m\u00e5l<\/a>&nbsp;&nbsp;HockeyNews<\/li>\n<\/ol>\n","protected":false},"excerpt":{"rendered":"Nordin tillbaka \u2013 som f\u00f6rlorare: \u201dHatten av, vi \u00e4r chansl\u00f6sa\u201d&nbsp;&nbsp;Sm\u00e5l\u00e4nningen F\u00f6rlustsviten bruten f\u00f6r Troja-Ljungby&nbsp;&nbsp;V\u00e4sterbottens-Kuriren Trojas f\u00f6rsta fullpo\u00e4ngare: \u201dVi&hellip;\n","protected":false},"author":2,"featured_media":62949,"comment_status":"","ping_status":"","sticky":false,"template":"","format":"standard","meta":{"footnotes":""},"categories":[68],"tags":[34,111,110,31,33,32,30],"class_list":{"0":"post-62948","1":"post","2":"type-post","3":"status-publish","4":"format-standard","5":"has-post-thumbnail","7":"category-sport","8":"tag-se","9":"tag-sport","10":"tag-sports","11":"tag-svenska","12":"tag-sverige","13":"tag-sweden","14":"tag-swedish"},"share_on_mastodon":{"url":"https:\/\/pubeurope.com\/@se\/115426178047876561","error":""},"_links":{"self":[{"href":"https:\/\/www.europesays.com\/se\/wp-json\/wp\/v2\/posts\/62948","targetHints":{"allow":["GET"]}}],"collection":[{"href":"https:\/\/www.europesays.com\/se\/wp-json\/wp\/v2\/posts"}],"about":[{"href":"https:\/\/www.europesays.com\/se\/wp-json\/wp\/v2\/types\/post"}],"author":[{"embeddable":true,"href":"https:\/\/www.europesays.com\/se\/wp-json\/wp\/v2\/users\/2"}],"replies":[{"embeddable":true,"href":"https:\/\/www.europesays.com\/se\/wp-json\/wp\/v2\/comments?post=62948"}],"version-history":[{"count":0,"href":"https:\/\/www.europesays.com\/se\/wp-json\/wp\/v2\/posts\/62948\/revisions"}],"wp:featuredmedia":[{"embeddable":true,"href":"https:\/\/www.europesays.com\/se\/wp-json\/wp\/v2\/media\/62949"}],"wp:attachment":[{"href":"https:\/\/www.europesays.com\/se\/wp-json\/wp\/v2\/media?parent=62948"}],"wp:term":[{"taxonomy":"category","embeddable":true,"href":"https:\/\/www.europesays.com\/se\/wp-json\/wp\/v2\/categories?post=62948"},{"taxonomy":"post_tag","embeddable":true,"href":"https:\/\/www.europesays.com\/se\/wp-json\/wp\/v2\/tags?post=62948"}],"curies":[{"name":"wp","href":"https:\/\/api.w.org\/{rel}","templated":true}]}}