{"id":62992,"date":"2025-10-24T03:37:08","date_gmt":"2025-10-24T03:37:08","guid":{"rendered":"https:\/\/www.europesays.com\/se\/62992\/"},"modified":"2025-10-24T03:37:08","modified_gmt":"2025-10-24T03:37:08","slug":"den-fysiska-halsan-hos-personer-med-allvarliga-psykiska-sjukdomar-gloms-latt-bort-inom-varden-aboland","status":"publish","type":"post","link":"https:\/\/www.europesays.com\/se\/62992\/","title":{"rendered":"Den fysiska h\u00e4lsan hos personer med allvarliga psykiska sjukdomar gl\u00f6ms l\u00e4tt bort inom v\u00e5rden | \u00c5boland"},"content":{"rendered":"<p class=\"aw-1gybjub aw-5vja16 ghpEtB kjanFo yle__article__paragraph\">Personer med schizofrenispektrumst\u00f6rningar lever i genomsnitt 20 \u00e5r kortare \u00e4n resten av befolkningen. <\/p>\n<p><img decoding=\"async\" alt=\"En person sitter p\u00e5 en s\u00e4ng och tittar ut genom ett f\u00f6nster, med ryggen v\u00e4nd mot kameran.\" src=\"https:\/\/www.europesays.com\/se\/wp-content\/uploads\/2025\/10\/39-14836996853ef0dd7cea.jpeg\" class=\"aw-1l9m598 hKVVvP\"\/><\/p>\n<p>\u00d6ppna bildvisare<\/p>\n<p>Den fysiska h\u00e4lsan f\u00f6rbises ofta inom den psykiatriska v\u00e5rden. Illustrerande arkivbild. Bild: Henrietta Hassinen \/ YleLyssna (du h\u00f6r en artificiell r\u00f6st) 2:44<\/p>\n<p class=\"aw-1gybjub aw-1p7kakr ghpEtB jtovHP yle__article__paragraph\"><strong class=\"aw-ak79eh KyCXm yle__article__strong\">Camilla L\u00e5ngstedt<\/strong>, magister i h\u00e4lsovetenskaper och doktorand vid \u00c5bo universitet, har i sin doktorsavhandling unders\u00f6kt hur h\u00e4lsoscreening kan anv\u00e4ndas inom psykiatrisk v\u00e5rd n\u00e4r det g\u00e4ller patienter med schizofrenispektrumst\u00f6rningar.<\/p>\n<p class=\"aw-1gybjub aw-1p7kakr ghpEtB jtovHP yle__article__paragraph\">Hon har ocks\u00e5 tittat n\u00e4rmare p\u00e5 v\u00e5rdarnas och patienternas erfarenheter av att anv\u00e4nda h\u00e4lsoscreening.<\/p>\n<p class=\"aw-1gybjub aw-1p7kakr ghpEtB jtovHP yle__article__paragraph\">L\u00e5ngstedt har sj\u00e4lv jobbat som psykiatrisk sjuksk\u00f6tare i flera \u00e5rtionden, och har i sitt arbete m\u00e4rkt att den fysiska h\u00e4lsan ofta har f\u00f6rbisetts. Det var ocks\u00e5 d\u00e4rf\u00f6r hon ville f\u00f6rs\u00f6ka hitta en l\u00f6sning p\u00e5 problemet.<\/p>\n<p class=\"aw-1gybjub aw-1p7kakr ghpEtB jtovHP yle__article__paragraph\">Enligt L\u00e5ngstedt \u00e4r det m\u00e5nga faktorer som kan leda till att man inom v\u00e5rden missar h\u00e4lsoproblem n\u00e4r det g\u00e4ller just den h\u00e4r patientgruppen.<\/p>\n<p class=\"aw-1gybjub aw-1p7kakr ghpEtB jtovHP yle__article__paragraph\">\u2013 Det kan bland annat handla om prioritering av resurser inom v\u00e5rden och om patienternas psykiska utmaningar, men det \u00e4r en komplex fr\u00e5ga, s\u00e4ger L\u00e5ngstedt.<\/p>\n<p><img decoding=\"async\" alt=\"Kvinna med l\u00e5ngt, m\u00f6rkt h\u00e5r, kl\u00e4dd i en flerf\u00e4rgad tr\u00f6ja.\" src=\"https:\/\/www.europesays.com\/se\/wp-content\/uploads\/2025\/10\/39-154268868f9ffc570040.jpeg\" loading=\"lazy\" class=\"aw-1l9m598 hKVVvP\"\/><\/p>\n<p>\u00d6ppna bildvisare<\/p>\n<p>Camilla L\u00e5ngstedt presenterar sin doktorsavhandling p\u00e5 fredag.  Bild: Nea Kantinkoski<\/p>\n<p class=\"aw-1gybjub aw-1p7kakr ghpEtB jtovHP yle__article__paragraph\">I studien anv\u00e4nde man sig av ett formul\u00e4r, som \u00e4r en finskspr\u00e5kig version av det internationella formul\u00e4ret Health Improvement Profile (HIP). Med hj\u00e4lp av formul\u00e4ret kan sjuksk\u00f6taren tillsammans med patienten diskutera fr\u00e5gor kring fysisk h\u00e4lsa och livsstil, som vikt, blodtryck, kost, r\u00f6kning och s\u00f6mn.<\/p>\n<p class=\"aw-1gybjub aw-1p7kakr ghpEtB jtovHP yle__article__paragraph\">Det som kom fram var att patienterna sj\u00e4lva uppskattade formul\u00e4ret. De ans\u00e5g att det var l\u00e4tt att f\u00f6rst\u00e5 och gjorde dem mer medvetna om sin egen h\u00e4lsa, vilket ocks\u00e5 gjorde att de b\u00e4ttre kunde ta tag i eventuella problem och delta i behandlingen.<\/p>\n<p class=\"aw-1gybjub aw-1p7kakr ghpEtB jtovHP yle__article__paragraph\">V\u00e5rdpersonalen lyfte \u00e5 sin sida fram att det var sv\u00e5rt att hinna med screeningen p\u00e5 grund av resursbrist och att formul\u00e4ret var f\u00f6r l\u00e5ngt och komplicerat.<\/p>\n<p class=\"aw-1gybjub aw-1p7kakr ghpEtB jtovHP yle__article__paragraph\">\u2013 Dessutom kunde patientens psykiska tillst\u00e5nd g\u00f6ra det sv\u00e5rt att genomf\u00f6ra screeningen, och ibland ville de inte alls delta, s\u00e4ger L\u00e5ngstedt.<\/p>\n<p>20 \u00e5r kortare livsl\u00e4ngd hos personer med allvarlig psykisk sjukdom<\/p>\n<p class=\"aw-1gybjub aw-1p7kakr ghpEtB jtovHP yle__article__paragraph\">Personer med schizofrenispektrumst\u00f6rningar lever i genomsnitt upp till 20 \u00e5r kortare \u00e4n resten av befolkningen.<\/p>\n<p class=\"aw-1gybjub aw-1p7kakr ghpEtB jtovHP yle__article__paragraph\">En vanlig orsak \u00e4r att fysiska sjukdomar som hj\u00e4rt- och k\u00e4rlsjukdomar, diabetes och fetma, inte uppt\u00e4cks eller behandlas i tid. Det \u00e4r till exempel vanligt att den h\u00e4r patientgruppen lider av \u00f6vervikt eller r\u00f6ker, vilket kan leda till olika sjukdomar.<\/p>\n<p class=\"aw-1gybjub aw-1p7kakr ghpEtB jtovHP yle__article__paragraph\">\u2013 Det beh\u00f6vs rutiner f\u00f6r att f\u00f6lja ocks\u00e5 den fysiska h\u00e4lsan hos de h\u00e4r patienterna. Jag hoppas att vi kan utveckla v\u00e5rdprocesser d\u00e4r det \u00e4r m\u00f6jligt att ta i beaktande b\u00e5de den fysiska och den psykiska h\u00e4lsan, s\u00e4ger L\u00e5ngstedt.<\/p>\n<p class=\"aw-1gybjub aw-1p7kakr ghpEtB jtovHP yle__article__paragraph\">Doktorsavhandlingen presenteras fredagen 24 oktober vid \u00c5bo universitet, och g\u00e5r att l\u00e4sa <a class=\"aw-iao6s4 iHOxEa yle__article__link\" href=\"https:\/\/www.utupub.fi\/handle\/10024\/194248\" role=\"link\" rel=\"nofollow noopener\" target=\"_blank\">via \u00c5bo universitets publiceringsarkiv.<\/a><\/p>\n","protected":false},"excerpt":{"rendered":"Personer med schizofrenispektrumst\u00f6rningar lever i genomsnitt 20 \u00e5r kortare \u00e4n resten av befolkningen. \u00d6ppna bildvisare Den fysiska h\u00e4lsan&hellip;\n","protected":false},"author":2,"featured_media":62993,"comment_status":"","ping_status":"","sticky":false,"template":"","format":"standard","meta":{"footnotes":""},"categories":[69],"tags":[1793,113,112,3744,34,674,31,33,32,30],"class_list":{"0":"post-62992","1":"post","2":"type-post","3":"status-publish","4":"format-standard","5":"has-post-thumbnail","7":"category-halsa","8":"tag-aboland","9":"tag-halsa","10":"tag-health","11":"tag-psykisk-halsa","12":"tag-se","13":"tag-sjukdomar","14":"tag-svenska","15":"tag-sverige","16":"tag-sweden","17":"tag-swedish"},"share_on_mastodon":{"url":"https:\/\/pubeurope.com\/@se\/115427058936473785","error":""},"_links":{"self":[{"href":"https:\/\/www.europesays.com\/se\/wp-json\/wp\/v2\/posts\/62992","targetHints":{"allow":["GET"]}}],"collection":[{"href":"https:\/\/www.europesays.com\/se\/wp-json\/wp\/v2\/posts"}],"about":[{"href":"https:\/\/www.europesays.com\/se\/wp-json\/wp\/v2\/types\/post"}],"author":[{"embeddable":true,"href":"https:\/\/www.europesays.com\/se\/wp-json\/wp\/v2\/users\/2"}],"replies":[{"embeddable":true,"href":"https:\/\/www.europesays.com\/se\/wp-json\/wp\/v2\/comments?post=62992"}],"version-history":[{"count":0,"href":"https:\/\/www.europesays.com\/se\/wp-json\/wp\/v2\/posts\/62992\/revisions"}],"wp:featuredmedia":[{"embeddable":true,"href":"https:\/\/www.europesays.com\/se\/wp-json\/wp\/v2\/media\/62993"}],"wp:attachment":[{"href":"https:\/\/www.europesays.com\/se\/wp-json\/wp\/v2\/media?parent=62992"}],"wp:term":[{"taxonomy":"category","embeddable":true,"href":"https:\/\/www.europesays.com\/se\/wp-json\/wp\/v2\/categories?post=62992"},{"taxonomy":"post_tag","embeddable":true,"href":"https:\/\/www.europesays.com\/se\/wp-json\/wp\/v2\/tags?post=62992"}],"curies":[{"name":"wp","href":"https:\/\/api.w.org\/{rel}","templated":true}]}}