{"id":62996,"date":"2025-10-24T03:44:07","date_gmt":"2025-10-24T03:44:07","guid":{"rendered":"https:\/\/www.europesays.com\/se\/62996\/"},"modified":"2025-10-24T03:44:07","modified_gmt":"2025-10-24T03:44:07","slug":"brand-i-restaurang-i-malmo-brinner-ratt-bra","status":"publish","type":"post","link":"https:\/\/www.europesays.com\/se\/62996\/","title":{"rendered":"Brand i restaurang i Malm\u00f6: \u201dBrinner r\u00e4tt bra\u201d"},"content":{"rendered":"<p>Enligt r\u00e4ddningstj\u00e4nsten \u00e4r byggnaden frist\u00e5ende och det brinner med \u00f6ppna l\u00e5gor.<\/p>\n<p>\u2013 Det brinner r\u00e4tt bra. Vi g\u00f6r ingen inv\u00e4ndig insats, utan vi jobbar utifr\u00e5n, s\u00e4ger r\u00e4ddningstj\u00e4nstens vakthavande bef\u00e4l.<\/p>\n<p>Det finns inga uppgifter om att n\u00e5gon person kommit till skada. Byggnaden bed\u00f6ms inte kunna r\u00e4ddas.<\/p>\n<p>Larmet kom in strax f\u00f6re klockan 03.00 under natten mot fredagen.<\/p>\n","protected":false},"excerpt":{"rendered":"Enligt r\u00e4ddningstj\u00e4nsten \u00e4r byggnaden frist\u00e5ende och det brinner med \u00f6ppna l\u00e5gor. \u2013 Det brinner r\u00e4tt bra. Vi g\u00f6r&hellip;\n","protected":false},"author":2,"featured_media":62997,"comment_status":"","ping_status":"","sticky":false,"template":"","format":"standard","meta":{"footnotes":""},"categories":[5],"tags":[22,23,26,27,17,21,24,25,28,29,15,16,18,34,31,33,32,30,19,20],"class_list":{"0":"post-62996","1":"post","2":"type-post","3":"status-publish","4":"format-standard","5":"has-post-thumbnail","7":"category-rubriker","8":"tag-breaking-news","9":"tag-breakingnews","10":"tag-featured-news","11":"tag-featurednews","12":"tag-headlines","13":"tag-huvudnyheter","14":"tag-latest-news","15":"tag-latestnews","16":"tag-main-news","17":"tag-mainnews","18":"tag-news","19":"tag-nyheter","20":"tag-rubriker","21":"tag-se","22":"tag-svenska","23":"tag-sverige","24":"tag-sweden","25":"tag-swedish","26":"tag-top-stories","27":"tag-topstories"},"share_on_mastodon":{"url":"https:\/\/pubeurope.com\/@se\/115427086373268303","error":""},"_links":{"self":[{"href":"https:\/\/www.europesays.com\/se\/wp-json\/wp\/v2\/posts\/62996","targetHints":{"allow":["GET"]}}],"collection":[{"href":"https:\/\/www.europesays.com\/se\/wp-json\/wp\/v2\/posts"}],"about":[{"href":"https:\/\/www.europesays.com\/se\/wp-json\/wp\/v2\/types\/post"}],"author":[{"embeddable":true,"href":"https:\/\/www.europesays.com\/se\/wp-json\/wp\/v2\/users\/2"}],"replies":[{"embeddable":true,"href":"https:\/\/www.europesays.com\/se\/wp-json\/wp\/v2\/comments?post=62996"}],"version-history":[{"count":0,"href":"https:\/\/www.europesays.com\/se\/wp-json\/wp\/v2\/posts\/62996\/revisions"}],"wp:featuredmedia":[{"embeddable":true,"href":"https:\/\/www.europesays.com\/se\/wp-json\/wp\/v2\/media\/62997"}],"wp:attachment":[{"href":"https:\/\/www.europesays.com\/se\/wp-json\/wp\/v2\/media?parent=62996"}],"wp:term":[{"taxonomy":"category","embeddable":true,"href":"https:\/\/www.europesays.com\/se\/wp-json\/wp\/v2\/categories?post=62996"},{"taxonomy":"post_tag","embeddable":true,"href":"https:\/\/www.europesays.com\/se\/wp-json\/wp\/v2\/tags?post=62996"}],"curies":[{"name":"wp","href":"https:\/\/api.w.org\/{rel}","templated":true}]}}