{"id":63066,"date":"2025-10-24T06:21:07","date_gmt":"2025-10-24T06:21:07","guid":{"rendered":"https:\/\/www.europesays.com\/se\/63066\/"},"modified":"2025-10-24T06:21:07","modified_gmt":"2025-10-24T06:21:07","slug":"fn-80-ar-53-000-svenskar-i-fredens-tjanst","status":"publish","type":"post","link":"https:\/\/www.europesays.com\/se\/63066\/","title":{"rendered":"FN 80 \u00e5r: 53 000 svenskar i fredens tj\u00e4nst"},"content":{"rendered":"<p>Efter tv\u00e5 v\u00e4rldskrig och flera misslyckade f\u00f6rs\u00f6k till fredssamarbeten var v\u00e4rlden i stort behov av gemensamma krafter f\u00f6r att bygga upp b\u00e5de l\u00e4nder och internationella relationer. I april 1945, i samband med krigsslutet i Europa, samlades d\u00e4rf\u00f6r 50 nationer i San Francisco med syfte att skapa en v\u00e4rldsomfattande organisation f\u00f6r fred. Den 26 juni skrevs FN-stadgan som sedan l\u00e5g till grund f\u00f6r verksamheten.\u00a0\u00a0\u00a0\u00a0<\/p>\n<p><strong>Svenskar i FN:s tj\u00e4nst <\/strong><\/p>\n<p>Sverige blev en del av FN 1946 och bara tv\u00e5 \u00e5r senare, 1948, \u00e5kte de f\u00f6rsta svenska officerarna till Mellan\u00f6stern f\u00f6r att \u00f6vervaka vapenstillest\u00e5ndet efter det f\u00f6rsta arabisk-israeliska kriget.<\/p>\n<p>F\u00f6rsvarsmakten har mellan \u00e5ren 1948 och 2025 deltagit i 60 av FN:s internationella milit\u00e4ra insatser f\u00f6rdelade \u00f6ver fyra v\u00e4rldsdelar, i 50 olika l\u00e4nder. Totalt r\u00f6r det sig om 53 000 personer (81 000 befattningar) varav n\u00e4stan 38 000 personer \u00e4r vid liv idag, enligt Skatteverket. I skrivande stund \u00e4r den \u00e4ldsta utlandsveteranen, som gjort FN-tj\u00e4nst, 102 \u00e5r och den yngsta 23 \u00e5r.<\/p>\n<p>Enskilda insatser viktiga<\/p>\n<p>Suez, Kongo, Libanon, Cypern, Bosnien och Mali \u00e4r k\u00e4nda insatser d\u00e4r Sverige deltagit under FN-flagg med hela f\u00f6rband, men det finns m\u00e5nga fler insatser i mindre format d\u00e4r svenskar tj\u00e4nstgjort som exempelvis sjukv\u00e5rdare i Somalia, minr\u00f6jare i Kambodja eller katastrofhj\u00e4lp i Peru.<\/p>\n<p>Sedan finns ocks\u00e5 alla de svenskar som varit ute p\u00e5 enskild insats som FN-observat\u00f6rer med uppdrag att rapportera fr\u00e5n v\u00e4rldens sv\u00e5raste konfliktomr\u00e5den, till FN:s s\u00e4kerhetsr\u00e5d i New York. \u00a0\u00a0\u00a0<\/p>\n<p>Roger Pettersson i Angola<\/p>\n<p>En av dem \u00e4r major Roger Pettersson, som l\u00e4mnade Sverige f\u00f6r \u00e5ka till Angola p\u00e5 1990-talet, med uppdrag att som ensam svensk i ett av v\u00e4rlden farligaste omr\u00e5den observera och rapportera, med fax som det fr\u00e4msta kommunikationsverktyget. \u00a0Det var en h\u00e4ndelserik tj\u00e4nstg\u00f6ring.<\/p>\n<p>\u2013Jag vaknade mitt i natten av att man skjuter med en AK-47 precis utanf\u00f6r mitt f\u00f6nster. Hela magasinet. Bara t\u00f6mmer det. Jag var ensam mitt i den lilla byn, ber\u00e4ttar han. \u00a0\u00a0\u00a0<\/p>\n<p>I serien Veteranportr\u00e4ttet kan du m\u00f6ta Roger och andra utlandsveteraner som gjort insatser i rikets tj\u00e4nst f\u00f6r FN, NATO eller EU.<\/p>\n","protected":false},"excerpt":{"rendered":"Efter tv\u00e5 v\u00e4rldskrig och flera misslyckade f\u00f6rs\u00f6k till fredssamarbeten var v\u00e4rlden i stort behov av gemensamma krafter f\u00f6r&hellip;\n","protected":false},"author":2,"featured_media":63067,"comment_status":"","ping_status":"","sticky":false,"template":"","format":"standard","meta":{"footnotes":""},"categories":[12],"tags":[22,23,26,27,2150,17,21,24,25,28,29,15,16,18,34,31,33,32,30,19,20,5853],"class_list":{"0":"post-63066","1":"post","2":"type-post","3":"status-publish","4":"format-standard","5":"has-post-thumbnail","7":"category-sverige","8":"tag-breaking-news","9":"tag-breakingnews","10":"tag-featured-news","11":"tag-featurednews","12":"tag-fn","13":"tag-headlines","14":"tag-huvudnyheter","15":"tag-latest-news","16":"tag-latestnews","17":"tag-main-news","18":"tag-mainnews","19":"tag-news","20":"tag-nyheter","21":"tag-rubriker","22":"tag-se","23":"tag-svenska","24":"tag-sverige","25":"tag-sweden","26":"tag-swedish","27":"tag-top-stories","28":"tag-topstories","29":"tag-veteran"},"share_on_mastodon":{"url":"https:\/\/pubeurope.com\/@se\/115427703667146953","error":""},"_links":{"self":[{"href":"https:\/\/www.europesays.com\/se\/wp-json\/wp\/v2\/posts\/63066","targetHints":{"allow":["GET"]}}],"collection":[{"href":"https:\/\/www.europesays.com\/se\/wp-json\/wp\/v2\/posts"}],"about":[{"href":"https:\/\/www.europesays.com\/se\/wp-json\/wp\/v2\/types\/post"}],"author":[{"embeddable":true,"href":"https:\/\/www.europesays.com\/se\/wp-json\/wp\/v2\/users\/2"}],"replies":[{"embeddable":true,"href":"https:\/\/www.europesays.com\/se\/wp-json\/wp\/v2\/comments?post=63066"}],"version-history":[{"count":0,"href":"https:\/\/www.europesays.com\/se\/wp-json\/wp\/v2\/posts\/63066\/revisions"}],"wp:featuredmedia":[{"embeddable":true,"href":"https:\/\/www.europesays.com\/se\/wp-json\/wp\/v2\/media\/63067"}],"wp:attachment":[{"href":"https:\/\/www.europesays.com\/se\/wp-json\/wp\/v2\/media?parent=63066"}],"wp:term":[{"taxonomy":"category","embeddable":true,"href":"https:\/\/www.europesays.com\/se\/wp-json\/wp\/v2\/categories?post=63066"},{"taxonomy":"post_tag","embeddable":true,"href":"https:\/\/www.europesays.com\/se\/wp-json\/wp\/v2\/tags?post=63066"}],"curies":[{"name":"wp","href":"https:\/\/api.w.org\/{rel}","templated":true}]}}