{"id":63068,"date":"2025-10-24T06:22:08","date_gmt":"2025-10-24T06:22:08","guid":{"rendered":"https:\/\/www.europesays.com\/se\/63068\/"},"modified":"2025-10-24T06:22:08","modified_gmt":"2025-10-24T06:22:08","slug":"man-begard-haktad-for-mord-i-sigtuna-2015","status":"publish","type":"post","link":"https:\/\/www.europesays.com\/se\/63068\/","title":{"rendered":"Man beg\u00e4rd h\u00e4ktad f\u00f6r mord i Sigtuna 2015"},"content":{"rendered":"<p>\u2013 Mannen har tidigare varit h\u00e4ktad i \u00e4rendet. \u00c4rendet har hanterats av polisens avdelning f\u00f6r kalla fall, och utrednings\u00e5tg\u00e4rder som har vidtagits har lett fram till att f\u00f6runders\u00f6kningen mot honom \u00e5terupptagits och att jag nu beg\u00e4rt honom h\u00e4ktad som misst\u00e4nkt f\u00f6r mord. Vilka \u00e5tg\u00e4rder det r\u00f6r sig om g\u00e5r jag inte in p\u00e5 i nul\u00e4get, s\u00e4ger senior \u00e5klagare Vida Paridad som \u00e4r f\u00f6runders\u00f6kningsledare.<\/p>\n<p>Det \u00e4r tingsr\u00e4tten som s\u00e4tter ut tid f\u00f6r h\u00e4ktningsf\u00f6rhandling. Detta pressmeddelande kommer att uppdateras n\u00e4r den informationen finns.<\/p>\n<p>M\u00e5lnummer i Attunda tingsr\u00e4tt: B 14223-25.<\/p>\n<p>\u00c5klagaren har inte m\u00f6jlighet att vara tillg\u00e4nglig f\u00f6r media i dag.<\/p>\n","protected":false},"excerpt":{"rendered":"\u2013 Mannen har tidigare varit h\u00e4ktad i \u00e4rendet. \u00c4rendet har hanterats av polisens avdelning f\u00f6r kalla fall, och&hellip;\n","protected":false},"author":2,"featured_media":5946,"comment_status":"","ping_status":"","sticky":false,"template":"","format":"standard","meta":{"footnotes":""},"categories":[5],"tags":[980,979,22,23,26,27,17,21,24,25,28,29,15,16,18,34,31,33,32,30,19,20],"class_list":{"0":"post-63068","1":"post","2":"type-post","3":"status-publish","4":"format-standard","5":"has-post-thumbnail","7":"category-rubriker","8":"tag-klagarmyndigheten","9":"tag-klagare","10":"tag-breaking-news","11":"tag-breakingnews","12":"tag-featured-news","13":"tag-featurednews","14":"tag-headlines","15":"tag-huvudnyheter","16":"tag-latest-news","17":"tag-latestnews","18":"tag-main-news","19":"tag-mainnews","20":"tag-news","21":"tag-nyheter","22":"tag-rubriker","23":"tag-se","24":"tag-svenska","25":"tag-sverige","26":"tag-sweden","27":"tag-swedish","28":"tag-top-stories","29":"tag-topstories"},"share_on_mastodon":{"url":"https:\/\/pubeurope.com\/@se\/115427707615101803","error":""},"_links":{"self":[{"href":"https:\/\/www.europesays.com\/se\/wp-json\/wp\/v2\/posts\/63068","targetHints":{"allow":["GET"]}}],"collection":[{"href":"https:\/\/www.europesays.com\/se\/wp-json\/wp\/v2\/posts"}],"about":[{"href":"https:\/\/www.europesays.com\/se\/wp-json\/wp\/v2\/types\/post"}],"author":[{"embeddable":true,"href":"https:\/\/www.europesays.com\/se\/wp-json\/wp\/v2\/users\/2"}],"replies":[{"embeddable":true,"href":"https:\/\/www.europesays.com\/se\/wp-json\/wp\/v2\/comments?post=63068"}],"version-history":[{"count":0,"href":"https:\/\/www.europesays.com\/se\/wp-json\/wp\/v2\/posts\/63068\/revisions"}],"wp:featuredmedia":[{"embeddable":true,"href":"https:\/\/www.europesays.com\/se\/wp-json\/wp\/v2\/media\/5946"}],"wp:attachment":[{"href":"https:\/\/www.europesays.com\/se\/wp-json\/wp\/v2\/media?parent=63068"}],"wp:term":[{"taxonomy":"category","embeddable":true,"href":"https:\/\/www.europesays.com\/se\/wp-json\/wp\/v2\/categories?post=63068"},{"taxonomy":"post_tag","embeddable":true,"href":"https:\/\/www.europesays.com\/se\/wp-json\/wp\/v2\/tags?post=63068"}],"curies":[{"name":"wp","href":"https:\/\/api.w.org\/{rel}","templated":true}]}}