{"id":63091,"date":"2025-10-24T06:48:39","date_gmt":"2025-10-24T06:48:39","guid":{"rendered":"https:\/\/www.europesays.com\/se\/63091\/"},"modified":"2025-10-24T06:48:39","modified_gmt":"2025-10-24T06:48:39","slug":"miljozonen-skickas-tillbaka-till-lansstyrelsen-efter-dom-i-hogsta-instans","status":"publish","type":"post","link":"https:\/\/www.europesays.com\/se\/63091\/","title":{"rendered":"Milj\u00f6zonen skickas tillbaka till l\u00e4nsstyrelsen\u00a0\u2013 efter dom i h\u00f6gsta instans"},"content":{"rendered":"<p>Milj\u00f6zon klass 3 i Stockholm forts\u00e4tter p\u00e5 paus\u00a0\u2013 det sedan Transportstyrelsen \u00e5terf\u00f6rvisat \u00e4rendet till l\u00e4nsstyrelsen.\u00a0<\/p>\n<p>            den 23 oktober 2025 13:30<\/p>\n<p><b>I maj satte l\u00e4nsstyrelsen<\/b> i Stockholm <a href=\"https:\/\/www.rt-forum.se\/article\/view\/1166342\/nej_fran_lansstyrelsen_stockholms_miljozon_klass_3_blir_inte_av\" target=\"_blank\" rel=\"nofollow noopener\">stopp f\u00f6r inf\u00f6randet<\/a>\u00a0av Stockholm stads milj\u00f6zon klass 3, det efter att l\u00e4nsstyrelsen ansett att kommunen inte uppfyllt sin utredningsskyldighet.\u00a0<\/p>\n<p>Bland annat handlade det om att det inte fanns tillr\u00e4cklig konsekvensanalys f\u00f6r att det aktuella omr\u00e5det skulle vara s\u00e4rskilt milj\u00f6p\u00e5verkat i j\u00e4mf\u00f6relse med n\u00e4rliggande omr\u00e5den.\u00a0<\/p>\n<p>\n                        Prova p\u00e5-Prenumeration\n                    <\/p>\n<p>\n                    F\u00e5 tillg\u00e5ng till allt inneh\u00e5ll p\u00e5 RT-Forum\n                <\/p>\n<p>\n                    Ingen bindningstid eller kortinformation kr\u00e4vs\n                <\/p>\n<p>\n                        G\u00e4ller endast personlig prenumeration.\n                    <\/p>\n<p>                                            <a v-for=\"(project, index) in projects\" v-show=\"index &lt; max || showAll\" v-bind:href=\"'https:\/\/www.projektagenten.se\/project\/' + project.id\" target=\"_blank\" class=\"article-project\"><\/p>\n<p>                                                {{ project.name }}<br \/>\n                                                L\u00e4s om projektet<br \/>\n                                            <\/a><\/p>\n<p>                                                Alla relaterade projekt<\/p>\n","protected":false},"excerpt":{"rendered":"Milj\u00f6zon klass 3 i Stockholm forts\u00e4tter p\u00e5 paus\u00a0\u2013 det sedan Transportstyrelsen \u00e5terf\u00f6rvisat \u00e4rendet till l\u00e4nsstyrelsen.\u00a0 den 23 oktober&hellip;\n","protected":false},"author":2,"featured_media":63092,"comment_status":"","ping_status":"","sticky":false,"template":"","format":"standard","meta":{"footnotes":""},"categories":[65],"tags":[72,70,71,34,31,33,32,30],"class_list":{"0":"post-63091","1":"post","2":"type-post","3":"status-publish","4":"format-standard","5":"has-post-thumbnail","7":"category-ekonomi","8":"tag-business","9":"tag-economy","10":"tag-ekonomi","11":"tag-se","12":"tag-svenska","13":"tag-sverige","14":"tag-sweden","15":"tag-swedish"},"share_on_mastodon":{"url":"https:\/\/pubeurope.com\/@se\/115427809904052380","error":""},"_links":{"self":[{"href":"https:\/\/www.europesays.com\/se\/wp-json\/wp\/v2\/posts\/63091","targetHints":{"allow":["GET"]}}],"collection":[{"href":"https:\/\/www.europesays.com\/se\/wp-json\/wp\/v2\/posts"}],"about":[{"href":"https:\/\/www.europesays.com\/se\/wp-json\/wp\/v2\/types\/post"}],"author":[{"embeddable":true,"href":"https:\/\/www.europesays.com\/se\/wp-json\/wp\/v2\/users\/2"}],"replies":[{"embeddable":true,"href":"https:\/\/www.europesays.com\/se\/wp-json\/wp\/v2\/comments?post=63091"}],"version-history":[{"count":0,"href":"https:\/\/www.europesays.com\/se\/wp-json\/wp\/v2\/posts\/63091\/revisions"}],"wp:featuredmedia":[{"embeddable":true,"href":"https:\/\/www.europesays.com\/se\/wp-json\/wp\/v2\/media\/63092"}],"wp:attachment":[{"href":"https:\/\/www.europesays.com\/se\/wp-json\/wp\/v2\/media?parent=63091"}],"wp:term":[{"taxonomy":"category","embeddable":true,"href":"https:\/\/www.europesays.com\/se\/wp-json\/wp\/v2\/categories?post=63091"},{"taxonomy":"post_tag","embeddable":true,"href":"https:\/\/www.europesays.com\/se\/wp-json\/wp\/v2\/tags?post=63091"}],"curies":[{"name":"wp","href":"https:\/\/api.w.org\/{rel}","templated":true}]}}