{"id":63119,"date":"2025-10-24T07:27:07","date_gmt":"2025-10-24T07:27:07","guid":{"rendered":"https:\/\/www.europesays.com\/se\/63119\/"},"modified":"2025-10-24T07:27:07","modified_gmt":"2025-10-24T07:27:07","slug":"i-bomullsfaltens-ensamhet","status":"publish","type":"post","link":"https:\/\/www.europesays.com\/se\/63119\/","title":{"rendered":"I bomullsf\u00e4ltens ensamhet"},"content":{"rendered":"<p>En dealer och en kund m\u00f6ts p\u00e5 en \u00f6de plats. Luften vibrerar av os\u00e4kerhet. Har de best\u00e4mt tr\u00e4ff eller har slumpen f\u00f6rt dem samman? Vilken slags transaktion ska genomf\u00f6ras? Det vet vi inte. Men klart \u00e4r att oerh\u00f6rt mycket st\u00e5r p\u00e5 spel i denna poetiska, filosofiska och politiska holmg\u00e5ng.<\/p>\n<p>Staffan Valdemar Holm regisserar Lena Endre och Ingela Olsson i Bernard-Marie Kolt\u00e8s moderna klassiker. I bomullsf\u00e4ltens ensamhet \u00e4r en verbal duell mellan tv\u00e5 positioner. En pj\u00e4s som p\u00e5 m\u00e5nga s\u00e4tt \u00e4r talande f\u00f6r hela Bernard-Marie Kolt\u00e8s konstn\u00e4rskap: att ge en r\u00f6st till de som saknar den, ifr\u00e5gas\u00e4ttandet av den postkoloniala v\u00e4rldsordningen, tankarna om dialog som en f\u00f6rhandling.<\/p>\n<p>Bernard-Marie Kolt\u00e8s, f\u00f6dd 1948 och d\u00f6d i Aids 1989 vid 41 \u00e5rs \u00e5lder, var en av 80-talets stora unga franska teaterstj\u00e4rnor. Han gjorde tidigt stort avtryck \u00e4ven i Sverige och Danmark \u2013 bland annat p\u00e5 Staffan Valdemar Holm och scenografen Bente Lykke M\u00f8ller.<\/p>\n<p>De tv\u00e5 har arbetat tillsammans i snart 40 \u00e5r, och har skapat en l\u00e5ng rad uppm\u00e4rksammade upps\u00e4ttningar. Senast p\u00e5 Dramaten satte de upp sin egen f\u00f6rb\u00e4ttrade version av Shakespeares Stormen. Nu \u00e5terv\u00e4nder de till Bernard-Marie Kolt\u00e8s dramatik, bev\u00e4pnade med vackra franska duetter och en \u00f6vertygelse om att g\u00f6ra teater som \u00e4r p\u00e5 blodigt allvar.<\/p>\n<p>Pj\u00e4sen \u00e4r ursprungligen skriven f\u00f6r tv\u00e5 manliga sk\u00e5despelare, men spelas h\u00e4r av tv\u00e5 av Dramatens mest hyllade och erfarna kvinnliga sk\u00e5despelare.<\/p>\n<p>F\u00f6rlag: Nordiska ApS (pj\u00e4s), Colombine Teaterf\u00f6rlag (\u00f6vers\u00e4ttning)<\/p>\n","protected":false},"excerpt":{"rendered":"En dealer och en kund m\u00f6ts p\u00e5 en \u00f6de plats. Luften vibrerar av os\u00e4kerhet. Har de best\u00e4mt tr\u00e4ff&hellip;\n","protected":false},"author":2,"featured_media":63120,"comment_status":"","ping_status":"","sticky":false,"template":"","format":"standard","meta":{"footnotes":""},"categories":[67],"tags":[5857,104,5856,3259,5855,34,31,33,32,30,105],"class_list":{"0":"post-63119","1":"post","2":"type-post","3":"status-publish","4":"format-standard","5":"has-post-thumbnail","7":"category-underhallning","8":"tag-bernard-marie-kolte","9":"tag-entertainment","10":"tag-i-bomullsfaltens-ensamhet","11":"tag-ingela-olsson","12":"tag-lena-endra","13":"tag-se","14":"tag-svenska","15":"tag-sverige","16":"tag-sweden","17":"tag-swedish","18":"tag-underhallning"},"share_on_mastodon":{"url":"https:\/\/pubeurope.com\/@se\/115427963215365116","error":""},"_links":{"self":[{"href":"https:\/\/www.europesays.com\/se\/wp-json\/wp\/v2\/posts\/63119","targetHints":{"allow":["GET"]}}],"collection":[{"href":"https:\/\/www.europesays.com\/se\/wp-json\/wp\/v2\/posts"}],"about":[{"href":"https:\/\/www.europesays.com\/se\/wp-json\/wp\/v2\/types\/post"}],"author":[{"embeddable":true,"href":"https:\/\/www.europesays.com\/se\/wp-json\/wp\/v2\/users\/2"}],"replies":[{"embeddable":true,"href":"https:\/\/www.europesays.com\/se\/wp-json\/wp\/v2\/comments?post=63119"}],"version-history":[{"count":0,"href":"https:\/\/www.europesays.com\/se\/wp-json\/wp\/v2\/posts\/63119\/revisions"}],"wp:featuredmedia":[{"embeddable":true,"href":"https:\/\/www.europesays.com\/se\/wp-json\/wp\/v2\/media\/63120"}],"wp:attachment":[{"href":"https:\/\/www.europesays.com\/se\/wp-json\/wp\/v2\/media?parent=63119"}],"wp:term":[{"taxonomy":"category","embeddable":true,"href":"https:\/\/www.europesays.com\/se\/wp-json\/wp\/v2\/categories?post=63119"},{"taxonomy":"post_tag","embeddable":true,"href":"https:\/\/www.europesays.com\/se\/wp-json\/wp\/v2\/tags?post=63119"}],"curies":[{"name":"wp","href":"https:\/\/api.w.org\/{rel}","templated":true}]}}