{"id":63123,"date":"2025-10-24T07:32:11","date_gmt":"2025-10-24T07:32:11","guid":{"rendered":"https:\/\/www.europesays.com\/se\/63123\/"},"modified":"2025-10-24T07:32:11","modified_gmt":"2025-10-24T07:32:11","slug":"atal-for-grov-troloshet-mot-huvudman-i-solna","status":"publish","type":"post","link":"https:\/\/www.europesays.com\/se\/63123\/","title":{"rendered":"\u00c5tal f\u00f6r grov trol\u00f6shet mot huvudman i Solna"},"content":{"rendered":"<p class=\"preamble mt-6 text-lg md:text-2xl\">&#13;<br \/>\n                    En 60-\u00e5rig kvinna har i dag \u00e5talats f\u00f6r att ha f\u00f6rt \u00f6ver sammanlagt cirka 18,3 miljoner kronor fr\u00e5n Solna kommun till egna bankkonton. Kvinnan hade tidigare en anst\u00e4llning som finanssekreterare hos Solna kommun d\u00e4r hon hade i uppgift att hantera kommunens ekonomi. Nu \u00e4r hon \u00e5talad f\u00f6r grov trol\u00f6shet mot huvudman.&#13;\n                <\/p>\n<p>Kommunen uppt\u00e4ckte att det skett ett mindre antal olovliga \u00f6verf\u00f6ringar. Efter utredning visade det sig vara ett stort antal \u00f6verf\u00f6ringar under l\u00e5ng tid.<\/p>\n<p>Enligt \u00e5talet har kvinnan vid 179 tillf\u00e4llen fr\u00e5n juli 2019 till oktober 2023 gjort \u00f6verf\u00f6ringar fr\u00e5n Solna kommuns konton till egna bankkonton.<\/p>\n<p>\u2013\u00a0Utredningen visar att kvinnan har gjort ett stort antal \u00f6verf\u00f6ringar till sina konton varifr\u00e5n stora summor har \u00f6verf\u00f6rts vidare. Jag menar att det ska bed\u00f6mas som grovt eftersom det inneburit betydande skada f\u00f6r kommunen och det handlar om stora summor pengar totalt sett. Dessutom anser jag att brottsuppl\u00e4gget har varit f\u00f6rslaget d\u00e5 det bokf\u00f6rts p\u00e5 s\u00e4tt som gjort det sv\u00e5rt att uppt\u00e4cka, s\u00e4ger senior \u00e5klagare Susanne \u00d6hbom som varit f\u00f6runders\u00f6kningsledare.<\/p>\n<p>Kvinnan har anm\u00e4lt att hon utsatts f\u00f6r romansbedr\u00e4geri. Utredning har p\u00e5g\u00e5tt i den delen men \u00e4rendet \u00e4r nedlagt d\u00e5 det inte g\u00e5tt att hitta n\u00e5gon misst\u00e4nkt g\u00e4rningsman. \u00a0<\/p>\n<p>M\u00e5lnummer i Solna tingsr\u00e4tt: B 10713-23.<\/p>\n<p>Kontakt<\/p>\n<p>Senior \u00e5klagare Susanne \u00d6hbom \u00e4r tillg\u00e4nglig i dag fredag kl. 14\u201315 f\u00f6r media, 010-562 54 03.<\/p>\n","protected":false},"excerpt":{"rendered":"&#13; En 60-\u00e5rig kvinna har i dag \u00e5talats f\u00f6r att ha f\u00f6rt \u00f6ver sammanlagt cirka 18,3 miljoner kronor&hellip;\n","protected":false},"author":2,"featured_media":5946,"comment_status":"","ping_status":"","sticky":false,"template":"","format":"standard","meta":{"footnotes":""},"categories":[5],"tags":[980,979,22,23,26,27,17,21,24,25,28,29,15,16,18,34,31,33,32,30,19,20],"class_list":{"0":"post-63123","1":"post","2":"type-post","3":"status-publish","4":"format-standard","5":"has-post-thumbnail","7":"category-rubriker","8":"tag-klagarmyndigheten","9":"tag-klagare","10":"tag-breaking-news","11":"tag-breakingnews","12":"tag-featured-news","13":"tag-featurednews","14":"tag-headlines","15":"tag-huvudnyheter","16":"tag-latest-news","17":"tag-latestnews","18":"tag-main-news","19":"tag-mainnews","20":"tag-news","21":"tag-nyheter","22":"tag-rubriker","23":"tag-se","24":"tag-svenska","25":"tag-sverige","26":"tag-sweden","27":"tag-swedish","28":"tag-top-stories","29":"tag-topstories"},"share_on_mastodon":{"url":"https:\/\/pubeurope.com\/@se\/115427982904249672","error":""},"_links":{"self":[{"href":"https:\/\/www.europesays.com\/se\/wp-json\/wp\/v2\/posts\/63123","targetHints":{"allow":["GET"]}}],"collection":[{"href":"https:\/\/www.europesays.com\/se\/wp-json\/wp\/v2\/posts"}],"about":[{"href":"https:\/\/www.europesays.com\/se\/wp-json\/wp\/v2\/types\/post"}],"author":[{"embeddable":true,"href":"https:\/\/www.europesays.com\/se\/wp-json\/wp\/v2\/users\/2"}],"replies":[{"embeddable":true,"href":"https:\/\/www.europesays.com\/se\/wp-json\/wp\/v2\/comments?post=63123"}],"version-history":[{"count":0,"href":"https:\/\/www.europesays.com\/se\/wp-json\/wp\/v2\/posts\/63123\/revisions"}],"wp:featuredmedia":[{"embeddable":true,"href":"https:\/\/www.europesays.com\/se\/wp-json\/wp\/v2\/media\/5946"}],"wp:attachment":[{"href":"https:\/\/www.europesays.com\/se\/wp-json\/wp\/v2\/media?parent=63123"}],"wp:term":[{"taxonomy":"category","embeddable":true,"href":"https:\/\/www.europesays.com\/se\/wp-json\/wp\/v2\/categories?post=63123"},{"taxonomy":"post_tag","embeddable":true,"href":"https:\/\/www.europesays.com\/se\/wp-json\/wp\/v2\/tags?post=63123"}],"curies":[{"name":"wp","href":"https:\/\/api.w.org\/{rel}","templated":true}]}}