{"id":63212,"date":"2025-10-24T09:11:10","date_gmt":"2025-10-24T09:11:10","guid":{"rendered":"https:\/\/www.europesays.com\/se\/63212\/"},"modified":"2025-10-24T09:11:10","modified_gmt":"2025-10-24T09:11:10","slug":"schizofrena-personer-forvaxlar-sina-egna-tankar-med-en-frammande-rost","status":"publish","type":"post","link":"https:\/\/www.europesays.com\/se\/63212\/","title":{"rendered":"Schizofrena personer f\u00f6rv\u00e4xlar sina egna tankar med en fr\u00e4mmande r\u00f6st"},"content":{"rendered":"<p>&#8221;N\u00e4r vi pratar \u2013 \u00e4ven bara i v\u00e5ra huvuden \u2013 blir den del av hj\u00e4rnan som bearbetar ljud fr\u00e5n omgivningen mindre aktiv&#8221;, f\u00f6rklarar psykologiforskaren Thomas Whitford vid universitetet i New South Wales, Australien, i ett <a href=\"https:\/\/www.eurekalert.org\/news-releases\/1102501\" class=\"hover:font-bold\" rel=\"nofollow noopener\" target=\"_blank\">pressmeddelande<\/a>.<\/p>\n<p>&#8221;Detta beror p\u00e5 att hj\u00e4rnan f\u00f6ruts\u00e4ger ljudet av v\u00e5r egen r\u00f6st. Men hos personer som h\u00f6r r\u00f6ster misslyckas f\u00f6ruts\u00e4gelsen och hj\u00e4rnan reagerar som om r\u00f6sten kommer fr\u00e5n n\u00e5gon annan.&#8221;<\/p>\n<p>I <a href=\"https:\/\/academic.oup.com\/schizophreniabulletin\/advance-article\/doi\/10.1093\/schbul\/sbaf167\/8293244?login=false\" class=\"hover:font-bold\" rel=\"nofollow noopener\" target=\"_blank\">studien<\/a>, som inkluderade personer med schizofreni b\u00e5de med och utan nyare hallucinationer samt friska deltagare, utrustades deltagarna med h\u00f6rlurar och ombads s\u00e4ga &#8221;bih&#8221; eller &#8221;bah&#8221; i tanken, medan det spelades ett ljud i h\u00f6rlurarna.<\/p>\n<p>Ljudet var ocks\u00e5 antingen &#8221;bih&#8221; eller &#8221;bah&#8221;, men deltagarna visste inte om deras valda inre ord st\u00e4mde \u00f6verens med ljudet.<\/p>\n","protected":false},"excerpt":{"rendered":"&#8221;N\u00e4r vi pratar \u2013 \u00e4ven bara i v\u00e5ra huvuden \u2013 blir den del av hj\u00e4rnan som bearbetar ljud&hellip;\n","protected":false},"author":2,"featured_media":63213,"comment_status":"","ping_status":"","sticky":false,"template":"","format":"standard","meta":{"footnotes":""},"categories":[69],"tags":[113,112,34,31,33,32,30],"class_list":{"0":"post-63212","1":"post","2":"type-post","3":"status-publish","4":"format-standard","5":"has-post-thumbnail","7":"category-halsa","8":"tag-halsa","9":"tag-health","10":"tag-se","11":"tag-svenska","12":"tag-sverige","13":"tag-sweden","14":"tag-swedish"},"share_on_mastodon":{"url":"https:\/\/pubeurope.com\/@se\/115428372137725402","error":""},"_links":{"self":[{"href":"https:\/\/www.europesays.com\/se\/wp-json\/wp\/v2\/posts\/63212","targetHints":{"allow":["GET"]}}],"collection":[{"href":"https:\/\/www.europesays.com\/se\/wp-json\/wp\/v2\/posts"}],"about":[{"href":"https:\/\/www.europesays.com\/se\/wp-json\/wp\/v2\/types\/post"}],"author":[{"embeddable":true,"href":"https:\/\/www.europesays.com\/se\/wp-json\/wp\/v2\/users\/2"}],"replies":[{"embeddable":true,"href":"https:\/\/www.europesays.com\/se\/wp-json\/wp\/v2\/comments?post=63212"}],"version-history":[{"count":0,"href":"https:\/\/www.europesays.com\/se\/wp-json\/wp\/v2\/posts\/63212\/revisions"}],"wp:featuredmedia":[{"embeddable":true,"href":"https:\/\/www.europesays.com\/se\/wp-json\/wp\/v2\/media\/63213"}],"wp:attachment":[{"href":"https:\/\/www.europesays.com\/se\/wp-json\/wp\/v2\/media?parent=63212"}],"wp:term":[{"taxonomy":"category","embeddable":true,"href":"https:\/\/www.europesays.com\/se\/wp-json\/wp\/v2\/categories?post=63212"},{"taxonomy":"post_tag","embeddable":true,"href":"https:\/\/www.europesays.com\/se\/wp-json\/wp\/v2\/tags?post=63212"}],"curies":[{"name":"wp","href":"https:\/\/api.w.org\/{rel}","templated":true}]}}