{"id":63224,"date":"2025-10-24T09:34:13","date_gmt":"2025-10-24T09:34:13","guid":{"rendered":"https:\/\/www.europesays.com\/se\/63224\/"},"modified":"2025-10-24T09:34:13","modified_gmt":"2025-10-24T09:34:13","slug":"riktkurserna-skruvas-upp-rejalt-for-volvo-cars-efter-vinstkrossen-2","status":"publish","type":"post","link":"https:\/\/www.europesays.com\/se\/63224\/","title":{"rendered":"Riktkurserna skruvas upp rej\u00e4lt f\u00f6r Volvo Cars efter vinstkrossen"},"content":{"rendered":"<p class=\"font-sans text-base text-text-main dark:text-text-main-dark font-normal leading-[1.4]\">Handelsbankens nya riktkurs \u00e4r 34 kronor (20), f\u00f6r att \u00e5terspegla uppjusterade vinstprognoser.<\/p>\n<p>\u201cV\u00e5r prognos f\u00f6r det justerade r\u00f6relseresultatet exklusive joint ventures f\u00f6r 2025 h\u00f6js med 44 procent efter en betydande f\u00f6rb\u00e4ttring i den operationella h\u00e4vst\u00e5ngen, och f\u00f6r 2026 med 6,7 procent p\u00e5 grund av h\u00f6gre f\u00f6rs\u00e4ljning och ytterligare operativa f\u00f6rb\u00e4ttringar\u201d, skriver banken.<\/p>\n<p>Volvo Cars rusade 38 procent p\u00e5 rapporten, och \u00e4ven om Handelsbanken ser en tydligt h\u00f6gre uppsida p\u00e5 l\u00e4ngre sikt, v\u00e4ljer man att upprepa beh\u00e5ll.<\/p>\n<p>Vad g\u00e4ller sj\u00e4lva Q3-rapporten, skriver banken att vinst\u00e5terh\u00e4mtningen \u201cvisar att Volvo Cars \u00e5tg\u00e4rdsprogram ligger f\u00f6re plan, s\u00e4rskilt p\u00e5 kostnadssidan men \u00e4ven vad g\u00e4ller r\u00f6relsekapitalet\u201d.<\/p>\n<p>Kepler Cheuvreux h\u00f6jer sin riktkurs till 32 kronor (20), samtidigt som ocks\u00e5 de v\u00e4ljer att st\u00e5 kvar vid beh\u00e5ll.<\/p>\n<p>\u201cVi h\u00f6jer v\u00e5ra prognoser f\u00f6r 2025-2026 avsev\u00e4rt f\u00f6r att \u00e5terspegla resultatet i Q3, l\u00e4gre amerikanska tullar och tidigare besparingseffekter \u00e4n v\u00e4ntat\u201d, skriver analyshuset.<\/p>\n<p>Beh\u00e5ll upprepas eftersom bolaget flaggat f\u00f6r fortsatt h\u00e5rd konkurrens och en ogynnsam pris- och mixutveckling. <\/p>\n<p>Nordeas nya motiverade v\u00e4rde (fair value) \u00e4r 28 kronor (21). De avviker inte heller kring rekommendationen utan upprepar beh\u00e5ll. Detta eftersom den starka kursreaktionen begr\u00e4nsar uppsidan, trots att den f\u00f6rv\u00e4ntade vinstbanan f\u00f6rb\u00e4ttrats. <\/p>\n<p>DNB Carnegie och UBS har ocks\u00e5 h\u00f6jt riktkurserna, varav de f\u00f6rsta lyfter rekommendationen till k\u00f6p (beh\u00e5ll) medan UBS upprepar s\u00e4lj. <br class=\"col-start-2\"\/><\/p>\n","protected":false},"excerpt":{"rendered":"Handelsbankens nya riktkurs \u00e4r 34 kronor (20), f\u00f6r att \u00e5terspegla uppjusterade vinstprognoser. \u201cV\u00e5r prognos f\u00f6r det justerade r\u00f6relseresultatet&hellip;\n","protected":false},"author":2,"featured_media":25902,"comment_status":"","ping_status":"","sticky":false,"template":"","format":"standard","meta":{"footnotes":""},"categories":[5],"tags":[22,23,26,27,17,21,24,25,28,29,15,16,18,34,31,33,32,30,19,20,5795],"class_list":{"0":"post-63224","1":"post","2":"type-post","3":"status-publish","4":"format-standard","5":"has-post-thumbnail","7":"category-rubriker","8":"tag-breaking-news","9":"tag-breakingnews","10":"tag-featured-news","11":"tag-featurednews","12":"tag-headlines","13":"tag-huvudnyheter","14":"tag-latest-news","15":"tag-latestnews","16":"tag-main-news","17":"tag-mainnews","18":"tag-news","19":"tag-nyheter","20":"tag-rubriker","21":"tag-se","22":"tag-svenska","23":"tag-sverige","24":"tag-sweden","25":"tag-swedish","26":"tag-top-stories","27":"tag-topstories","28":"tag-volvo-car"},"share_on_mastodon":{"url":"https:\/\/pubeurope.com\/@se\/115428462665424620","error":""},"_links":{"self":[{"href":"https:\/\/www.europesays.com\/se\/wp-json\/wp\/v2\/posts\/63224","targetHints":{"allow":["GET"]}}],"collection":[{"href":"https:\/\/www.europesays.com\/se\/wp-json\/wp\/v2\/posts"}],"about":[{"href":"https:\/\/www.europesays.com\/se\/wp-json\/wp\/v2\/types\/post"}],"author":[{"embeddable":true,"href":"https:\/\/www.europesays.com\/se\/wp-json\/wp\/v2\/users\/2"}],"replies":[{"embeddable":true,"href":"https:\/\/www.europesays.com\/se\/wp-json\/wp\/v2\/comments?post=63224"}],"version-history":[{"count":0,"href":"https:\/\/www.europesays.com\/se\/wp-json\/wp\/v2\/posts\/63224\/revisions"}],"wp:featuredmedia":[{"embeddable":true,"href":"https:\/\/www.europesays.com\/se\/wp-json\/wp\/v2\/media\/25902"}],"wp:attachment":[{"href":"https:\/\/www.europesays.com\/se\/wp-json\/wp\/v2\/media?parent=63224"}],"wp:term":[{"taxonomy":"category","embeddable":true,"href":"https:\/\/www.europesays.com\/se\/wp-json\/wp\/v2\/categories?post=63224"},{"taxonomy":"post_tag","embeddable":true,"href":"https:\/\/www.europesays.com\/se\/wp-json\/wp\/v2\/tags?post=63224"}],"curies":[{"name":"wp","href":"https:\/\/api.w.org\/{rel}","templated":true}]}}