{"id":63225,"date":"2025-10-24T09:41:22","date_gmt":"2025-10-24T09:41:22","guid":{"rendered":"https:\/\/www.europesays.com\/se\/63225\/"},"modified":"2025-10-24T09:41:22","modified_gmt":"2025-10-24T09:41:22","slug":"polisen-fortegen-efter-barnets-dod-vardpersonalen-stottas-har-upprattat-krishantering-nlt","status":"publish","type":"post","link":"https:\/\/www.europesays.com\/se\/63225\/","title":{"rendered":"Polisen f\u00f6rtegen efter barnets d\u00f6d \u2013 v\u00e5rdpersonalen st\u00f6ttas: \u201dHar uppr\u00e4ttat krishantering\u201d &#8211; NLT"},"content":{"rendered":"<ol>\n<li><a href=\"https:\/\/news.google.com\/rss\/articles\/CBMivwFBVV95cUxOclpjcTN6XzNrTHZwM09GVXZtNDVZM1lWQVNoVzI4Nl9sLUtyY29QRm5LV1h3ZWxrUDZVWVJoUlZrcTVzQnVjeW94V2NBMElMUEx1Nm5wbVFDeEl3Q2VUU1JSVVVjdmNhbmdXT1NwVGVpdDRyLUs0QzQyVXpsUk1SNkt2YUh6NlphUmU0U3ROeUZ0eHRYNFZremJ4MjgyVEVHWWVDU3VzRU1SY0xTUlNvQTVvM3p4eGdFbkVxeGxBRQ?oc=5\" target=\"_blank\" rel=\"nofollow noopener\">Polisen f\u00f6rtegen efter barnets d\u00f6d \u2013 v\u00e5rdpersonalen st\u00f6ttas: \u201dHar uppr\u00e4ttat krishantering\u201d<\/a>&nbsp;&nbsp;NLT<\/li>\n<li><a href=\"https:\/\/news.google.com\/rss\/articles\/CBMiigFBVV95cUxPUnJYcmNieEJNZ1NxbXhqbXJPdkdsQVhja2s3Y0htRkVEdmE3NUhFSFZKcklMVF95aUFfbE11SmJkS0NMREp2YktycUw4cUFfREpVaV9FT0RseW1KTEpsczlGV0o5dXNteU5XSEFoUDNMWmJsY3lFNTk0eVZwSjFHRkd4Uy1LcVV0SWc?oc=5\" target=\"_blank\" rel=\"nofollow noopener\">Alla t\u00e5g st\u00e4lls in<\/a>&nbsp;&nbsp;Aftonbladet<\/li>\n<li><a href=\"https:\/\/news.google.com\/rss\/articles\/CBMivgFBVV95cUxQSmJYdi1iTGc3TlFfVEJCZ0pOWGR0ZEhRQ20zWDVTdzJPSlAtck95Wk5jcFJaWWFRUXlKQm1sMGNnN1pDcGlGbUZzTzdMakRHS19QSy1kTHFnTkFnSE4yOWkzUThXbTlPUUhTVGtlVEhETWhmaFFnZjVZd0lHSFYtS0xHeUd0TVpSN3B4Z0kyNzRMbmpWampoN2hqbmlQR2NxQ3l5YnVwaXg3Y3V6Um51Tzk4N2J1bFBucDRaTVBR?oc=5\" target=\"_blank\" rel=\"nofollow noopener\">Livl\u00f6st barn kom in till jourcentral i Lidk\u00f6ping \u2013 utreds som v\u00e5llande till annans d\u00f6d<\/a>&nbsp;&nbsp;NLT<\/li>\n<li><a href=\"https:\/\/news.google.com\/rss\/articles\/CBMizwFBVV95cUxPSVJRaC1oMHoxcXpSSEtjS0ZJa3I0MHVQVnYzU2djTXZFWmRiYXI3ZVc2VHVFalU3MXBfNnpkTl80NEVtV2dWS1F4bHBBX3I2cl9kZldWOTlud2tCNDc3RkNEemRPVGpSaUFQM2ItTGY0UmxVWktZRmpIdUdPN0xHXzl0OVVRS2FEYnl5bzJsZ2lPQ2hhQm5Cb3J4WVVhNUpIRC1EcDM5UUlGaUYwRUpsOENsdUlpUUtvZmJEbzA0Z2xYSC10YTlyVXktUUZkdHM?oc=5\" target=\"_blank\" rel=\"nofollow noopener\">Polisen f\u00f6rtegen efter barnets d\u00f6d \u2013 v\u00e5rdpersonalen st\u00f6ttas: \u201dUppr\u00e4ttat krishantering\u201d<\/a>&nbsp;&nbsp;Mariestads-Tidningen<\/li>\n<li><a href=\"https:\/\/news.google.com\/rss\/articles\/CBMipwFBVV95cUxNV0RlM2RFdkFGMy1xY183UDl4TFVWb2htdGtGSXBwcXpnYXJmS3NqZ296MlFZeTNGQ19nNFhGN09udldyRnJETzRneEdidGo0UlQ0LWd5SHlKN0ZQTXM0cklXVXh5UVU0ZnZEUEdDV2hFOVZJQnJtQTQ3U19GVGE5VzZFOHNseVlWekhRZWR3bHUtV2xBZmZkYzlnYnprc18ycEhmS1E1SQ?oc=5\" target=\"_blank\" rel=\"nofollow noopener\">F\u00f6r\u00e4ldrar tog med livl\u00f6st barn till jourcentral &#8211; gick inte att r\u00e4dda<\/a>&nbsp;&nbsp;sla.se<\/li>\n<\/ol>\n","protected":false},"excerpt":{"rendered":"Polisen f\u00f6rtegen efter barnets d\u00f6d \u2013 v\u00e5rdpersonalen st\u00f6ttas: \u201dHar uppr\u00e4ttat krishantering\u201d&nbsp;&nbsp;NLT Alla t\u00e5g st\u00e4lls in&nbsp;&nbsp;Aftonbladet Livl\u00f6st barn kom&hellip;\n","protected":false},"author":2,"featured_media":63226,"comment_status":"","ping_status":"","sticky":false,"template":"","format":"standard","meta":{"footnotes":""},"categories":[12],"tags":[22,23,26,27,17,21,24,25,28,29,15,16,18,34,31,33,32,30,19,20],"class_list":{"0":"post-63225","1":"post","2":"type-post","3":"status-publish","4":"format-standard","5":"has-post-thumbnail","7":"category-sverige","8":"tag-breaking-news","9":"tag-breakingnews","10":"tag-featured-news","11":"tag-featurednews","12":"tag-headlines","13":"tag-huvudnyheter","14":"tag-latest-news","15":"tag-latestnews","16":"tag-main-news","17":"tag-mainnews","18":"tag-news","19":"tag-nyheter","20":"tag-rubriker","21":"tag-se","22":"tag-svenska","23":"tag-sverige","24":"tag-sweden","25":"tag-swedish","26":"tag-top-stories","27":"tag-topstories"},"share_on_mastodon":{"url":"https:\/\/pubeurope.com\/@se\/115428490146118059","error":""},"_links":{"self":[{"href":"https:\/\/www.europesays.com\/se\/wp-json\/wp\/v2\/posts\/63225","targetHints":{"allow":["GET"]}}],"collection":[{"href":"https:\/\/www.europesays.com\/se\/wp-json\/wp\/v2\/posts"}],"about":[{"href":"https:\/\/www.europesays.com\/se\/wp-json\/wp\/v2\/types\/post"}],"author":[{"embeddable":true,"href":"https:\/\/www.europesays.com\/se\/wp-json\/wp\/v2\/users\/2"}],"replies":[{"embeddable":true,"href":"https:\/\/www.europesays.com\/se\/wp-json\/wp\/v2\/comments?post=63225"}],"version-history":[{"count":0,"href":"https:\/\/www.europesays.com\/se\/wp-json\/wp\/v2\/posts\/63225\/revisions"}],"wp:featuredmedia":[{"embeddable":true,"href":"https:\/\/www.europesays.com\/se\/wp-json\/wp\/v2\/media\/63226"}],"wp:attachment":[{"href":"https:\/\/www.europesays.com\/se\/wp-json\/wp\/v2\/media?parent=63225"}],"wp:term":[{"taxonomy":"category","embeddable":true,"href":"https:\/\/www.europesays.com\/se\/wp-json\/wp\/v2\/categories?post=63225"},{"taxonomy":"post_tag","embeddable":true,"href":"https:\/\/www.europesays.com\/se\/wp-json\/wp\/v2\/tags?post=63225"}],"curies":[{"name":"wp","href":"https:\/\/api.w.org\/{rel}","templated":true}]}}