{"id":63235,"date":"2025-10-24T09:53:10","date_gmt":"2025-10-24T09:53:10","guid":{"rendered":"https:\/\/www.europesays.com\/se\/63235\/"},"modified":"2025-10-24T09:53:10","modified_gmt":"2025-10-24T09:53:10","slug":"efter-stjarnans-skada-tidigare-fbk-backen-nhl-debuterade","status":"publish","type":"post","link":"https:\/\/www.europesays.com\/se\/63235\/","title":{"rendered":"Efter stj\u00e4rnans skada \u2013 tidigare FBK-backen NHL-debuterade"},"content":{"rendered":"<p><strong><a href=\"https:\/\/hockeysverige.se\/nhl\/\" rel=\"nofollow noopener\" target=\"_blank\">NHL<\/a>-chansen kom tidigt f\u00f6r <a href=\"https:\/\/hockeysverige.se\/spelare\/joel-nystrom\/\" rel=\"nofollow noopener\" target=\"_blank\">Joel Nystr\u00f6m<\/a>. Tidigt p\u00e5 fredagsmorgonen begick 23-\u00e5ringen sin debut med <a href=\"https:\/\/hockeysverige.se\/klubb\/carolina-hurricanes\/\" rel=\"nofollow noopener\" target=\"_blank\">Carolina Hurricanes<\/a> \u2013 i straffvinsten mot <a href=\"https:\/\/hockeysverige.se\/klubb\/colorado-avalanche\/\" rel=\"nofollow noopener\" target=\"_blank\">Colorado Avalanche<\/a>. Och detta efter ett dygn han aldrig l\u00e4r gl\u00f6mma.<\/strong><\/p>\n<p><img loading=\"lazy\" decoding=\"async\" width=\"1024\" height=\"658\" src=\"https:\/\/www.europesays.com\/se\/wp-content\/uploads\/2025\/10\/Joel-Nystrom-NHL-debut-1024x658.webp.webp\" alt=\"\" class=\"wp-image-317411\"  \/>Joel Nystr\u00f6m pressas av Nathan MacKinnon i NHL-debuten med Carolina Hurricanes. <strong>Foto:<\/strong> AP Photo\/David Zalubowski<\/p>\n<p>Det var en riktig retro-match i Ball Arena i Denver i natt.<\/p>\n<p>N\u00e4r Carolina Hurricanes g\u00e4stade Colorado Avalanche var det n\u00e4mligen ett g\u00e4stande lag i Hartford Whalers-tr\u00f6jor och ett hemmalag med  Qu\u00e9bec Nordiques-tr\u00f6jor. De b\u00e4gge klubbarna gjorde n\u00e4mligen slag i saken att hylla sin historia genom att b\u00e4ra tr\u00f6jorna som anv\u00e4ndes av lagen som existerade innan respektive flytt till Denver och Raleigh.<\/p>\n<p>Det var d\u00e4rf\u00f6r i Hartford Whalers f\u00e4rger som den tidigare F\u00e4rjestadsbacken Joel Nystr\u00f6m spelade sin f\u00f6rsta NHL-match i karri\u00e4ren.<\/p>\n<p>23-\u00e5ringen fr\u00e5n Karlstad har inlett s\u00e4songen med Chicago Wolves i <a href=\"https:\/\/hockeysverige.se\/ahl\/\" rel=\"nofollow noopener\" target=\"_blank\">AHL<\/a>, men efter att stj\u00e4rnbacken Jaccob Slavin hamnat p\u00e5 skadelistan kallades han upp \u2013 bara timmar innan nattens drabbning. Enligt Walt Ruff som t\u00e4cker Hurricanes anl\u00e4nde Nystr\u00f6m till arenan kort innan nedsl\u00e4pp. Och han kastades in i matchen efter det st\u00e5tt klart att K\u2019Andre Miller inte skulle kunna spela f\u00f6r Hurricanes.<\/p>\n<blockquote class=\"twitter-tweet\" data-width=\"500\" data-dnt=\"true\">\n<p lang=\"en\" dir=\"ltr\">Joel Nystrom is ready to roll!<\/p>\n<p>I&#8217;m not sure exactly when he arrived at Ball Arena, but it couldn&#8217;t have been long ago.<\/p>\n<p>He was made aware this afternoon that he&#8217;d be flying from Chicago to Denver.<\/p>\n<p>As it turns out, he was needed tonight for his NHL debut. <a href=\"https:\/\/t.co\/9wvtIf3Mbk\" rel=\"nofollow\">pic.twitter.com\/9wvtIf3Mbk<\/a><\/p>\n<p>\u2014 Walt Ruff (@WaltRuff) <a href=\"https:\/\/twitter.com\/WaltRuff\/status\/1981531567148171411?ref_src=twsrc%5Etfw\" rel=\"nofollow noopener\" target=\"_blank\">October 24, 2025<\/a><\/p><\/blockquote>\n<p>Joel Nystr\u00f6m spelade 16 minuter i NHL-debuten<\/p>\n<p>Trots tunga skador p\u00e5 backsidan lyckades Hurricanes vinna matchen med 5\u20134 efter straffar. Joel Nystr\u00f6m spelade drygt 16 minuter, varav en hel del i numer\u00e4rt underl\u00e4ge, och var \u20132. NHL-debuten kom efter att han draftats av Carolina Hurricanes i sjunde rundan 2021. Han har under de senaste s\u00e4songerna etablerat sig som en stabilt producerande SHL-back med F\u00e4rjestad och noterats f\u00f6r 86 po\u00e4ng p\u00e5 221 matcher med moderklubben innan flytten till Nordamerika.<\/p>\n<p>Seth Jarvis hade 1+1 f\u00f6r Hurricanes i matcchen och satte det avg\u00f6rande straffm\u00e5let.<\/p>\n<p><a href=\"https:\/\/hockeysverige.se\/spelare\/victor-olofsson\/\" rel=\"nofollow noopener\" target=\"_blank\">Victor Olofsson<\/a> hade matchens enda svenska po\u00e4ng i form av en assist till Valerij Nitjusjkins kvittering till 4\u20134 i tredje perioden.<\/p>\n<p>I och med vinsten har Carolina Hurricanes inlett s\u00e4songen med sex segrar p\u00e5 sju matcher.<\/p>\n<p><b>Colorado\u2013Carolina 4\u20135 (1\u20134, 1\u20130, 2\u20130, 0\u20130, 0\u20131)<\/b><br \/><b>F\u00f6rsta perioden:<\/b> 0\u20131 (3.14) Eric Robinson (Jesperi Kotkaniemi, Mike Reilly), 1\u20131 (4.04) Valerij Nitjusjkin, 1\u20132 (7.17) Seth Jarvis, 1\u20133 (12.41) <a href=\"https:\/\/hockeysverige.se\/spelare\/sebastian-aho\/\" rel=\"nofollow noopener\" target=\"_blank\">Sebastian Aho<\/a>, 1\u20134 (13.48) Logan Stankoven (Jackson Blake, Taylor Hall).<br \/><b>Andra perioden:<\/b> 2\u20134 (24.49) Parker Kelly (Sam Malinski, Ross Colton).<br \/><b>Tredje perioden:<\/b> 3\u20134 (44.44) Martin Necas (Artturi Lehkonen, Nathan MacKinnon), 4\u20134 (54.22) Valerij Nitjusjkin (Victor Olofsson, Cale Makar).<br \/><b>Straffar:<\/b> 4\u20135 (65.00) Seth Jarvis.<\/p>\n<p> Source: <a href=\"https:\/\/www.eliteprospects.com\/player\/394715\/joel-nystrom\" target=\"_blank\" rel=\"noopener noreferrer nofollow\">Joel Nystr\u00f6m<\/a> @ Elite Prospects<\/p>\n<p><script async src=\"https:\/\/platform.twitter.com\/widgets.js\" charset=\"utf-8\"><\/script><\/p>\n","protected":false},"excerpt":{"rendered":"NHL-chansen kom tidigt f\u00f6r Joel Nystr\u00f6m. Tidigt p\u00e5 fredagsmorgonen begick 23-\u00e5ringen sin debut med Carolina Hurricanes \u2013 i&hellip;\n","protected":false},"author":2,"featured_media":63236,"comment_status":"","ping_status":"","sticky":false,"template":"","format":"standard","meta":{"footnotes":""},"categories":[68],"tags":[34,133,111,110,31,33,32,30],"class_list":{"0":"post-63235","1":"post","2":"type-post","3":"status-publish","4":"format-standard","5":"has-post-thumbnail","7":"category-sport","8":"tag-se","9":"tag-second-news","10":"tag-sport","11":"tag-sports","12":"tag-svenska","13":"tag-sverige","14":"tag-sweden","15":"tag-swedish"},"share_on_mastodon":{"url":"https:\/\/pubeurope.com\/@se\/115428537614545353","error":""},"_links":{"self":[{"href":"https:\/\/www.europesays.com\/se\/wp-json\/wp\/v2\/posts\/63235","targetHints":{"allow":["GET"]}}],"collection":[{"href":"https:\/\/www.europesays.com\/se\/wp-json\/wp\/v2\/posts"}],"about":[{"href":"https:\/\/www.europesays.com\/se\/wp-json\/wp\/v2\/types\/post"}],"author":[{"embeddable":true,"href":"https:\/\/www.europesays.com\/se\/wp-json\/wp\/v2\/users\/2"}],"replies":[{"embeddable":true,"href":"https:\/\/www.europesays.com\/se\/wp-json\/wp\/v2\/comments?post=63235"}],"version-history":[{"count":0,"href":"https:\/\/www.europesays.com\/se\/wp-json\/wp\/v2\/posts\/63235\/revisions"}],"wp:featuredmedia":[{"embeddable":true,"href":"https:\/\/www.europesays.com\/se\/wp-json\/wp\/v2\/media\/63236"}],"wp:attachment":[{"href":"https:\/\/www.europesays.com\/se\/wp-json\/wp\/v2\/media?parent=63235"}],"wp:term":[{"taxonomy":"category","embeddable":true,"href":"https:\/\/www.europesays.com\/se\/wp-json\/wp\/v2\/categories?post=63235"},{"taxonomy":"post_tag","embeddable":true,"href":"https:\/\/www.europesays.com\/se\/wp-json\/wp\/v2\/tags?post=63235"}],"curies":[{"name":"wp","href":"https:\/\/api.w.org\/{rel}","templated":true}]}}