{"id":63260,"date":"2025-10-24T10:29:12","date_gmt":"2025-10-24T10:29:12","guid":{"rendered":"https:\/\/www.europesays.com\/se\/63260\/"},"modified":"2025-10-24T10:29:12","modified_gmt":"2025-10-24T10:29:12","slug":"saab-rusar-nar-borsen-nar-rekordnivaer-tunga-fall-i-tobii-och-yubico","status":"publish","type":"post","link":"https:\/\/www.europesays.com\/se\/63260\/","title":{"rendered":"Saab rusar n\u00e4r b\u00f6rsen n\u00e5r rekordniv\u00e5er \u2013 tunga fall i Tobii och Yubico"},"content":{"rendered":"<p>Muntert f\u00f6r Wallenbergbolaget<\/p>\n<p class=\"font-sans text-base text-text-main dark:text-text-main-dark font-normal leading-[1.4]\"><strong>Munters <\/strong>rusar 20%. Bolagets ordering\u00e5ng var 18% h\u00f6gre \u00e4n analytiker trott och landade p\u00e5 4 159 Mkr (2 646). Samtidigt aviserar klimathanteringsbolaget ett besparingsprogram inom aff\u00e4rsomr\u00e5det AirTech, som pressade bolagets marginaler i kvartalet.<\/p>\n<p class=\"font-sans text-base text-text-main dark:text-text-main-dark font-normal leading-[1.4]\">\u00c4ven ventilationsbolaget <strong>Lindab <\/strong>lyfter p\u00e5 sin rapport. Aktien \u00e4r upp 12%. Det justerade r\u00f6relseresultatet var b\u00e4ttre \u00e4n v\u00e4ntat. &#8221;Koncernens justerade r\u00f6relsemarginal \u00f6kade till 9,7% tack vare p\u00e5g\u00e5ende effektiviseringar och struktur\u00e5tg\u00e4rder&#8221;, skriver bolaget i rapporten. <\/p>\n<p class=\"font-sans text-base text-text-main dark:text-text-main-dark font-normal leading-[1.4]\"><strong>NCAB <\/strong>rusar 13%. Ebita-resultatet minskade i \u00e5rstakt och blev 110,1 Mkr (118,5) i det tredje kvartalet, med en ebita-marginal p\u00e5 11,6% (13,2). Samtidigt \u00f6kar ordering\u00e5ngen med 11% till 985 Mkr (887) fr\u00e5n f\u00f6reg\u00e5ende \u00e5r. <\/p>\n<p class=\"font-sans text-base text-text-main dark:text-text-main-dark font-normal leading-[1.4]\">Skogsindustribolaget <strong>SCA <\/strong>beskriver en svag efterfr\u00e5gan i rapporten. Oms\u00e4ttningen var l\u00e4gre \u00e4n analytiker trott, samtidigt \u00f6verraskade ebitda-resultatet positivt. Det blev 1 644 Mkr (2 010), mot v\u00e4ntade 1 588. Ebitda-marginalen var 32,9% (38,3). Aktien stiger 1,2%.<\/p>\n","protected":false},"excerpt":{"rendered":"Muntert f\u00f6r Wallenbergbolaget Munters rusar 20%. Bolagets ordering\u00e5ng var 18% h\u00f6gre \u00e4n analytiker trott och landade p\u00e5 4&hellip;\n","protected":false},"author":2,"featured_media":33148,"comment_status":"","ping_status":"","sticky":false,"template":"","format":"standard","meta":{"footnotes":""},"categories":[65],"tags":[72,5881,70,71,5878,5884,5883,5863,5882,5880,2200,4330,34,31,33,32,30,5879,827],"class_list":{"0":"post-63260","1":"post","2":"type-post","3":"status-publish","4":"format-standard","5":"has-post-thumbnail","7":"category-ekonomi","8":"tag-business","9":"tag-duni","10":"tag-economy","11":"tag-ekonomi","12":"tag-hexagon","13":"tag-lifco","14":"tag-lindab-international","15":"tag-munters-group","16":"tag-ncab-group","17":"tag-roko","18":"tag-saab","19":"tag-sca","20":"tag-se","21":"tag-svenska","22":"tag-sverige","23":"tag-sweden","24":"tag-swedish","25":"tag-tobii","26":"tag-yubico"},"share_on_mastodon":{"url":"https:\/\/pubeurope.com\/@se\/115428678975591410","error":""},"_links":{"self":[{"href":"https:\/\/www.europesays.com\/se\/wp-json\/wp\/v2\/posts\/63260","targetHints":{"allow":["GET"]}}],"collection":[{"href":"https:\/\/www.europesays.com\/se\/wp-json\/wp\/v2\/posts"}],"about":[{"href":"https:\/\/www.europesays.com\/se\/wp-json\/wp\/v2\/types\/post"}],"author":[{"embeddable":true,"href":"https:\/\/www.europesays.com\/se\/wp-json\/wp\/v2\/users\/2"}],"replies":[{"embeddable":true,"href":"https:\/\/www.europesays.com\/se\/wp-json\/wp\/v2\/comments?post=63260"}],"version-history":[{"count":0,"href":"https:\/\/www.europesays.com\/se\/wp-json\/wp\/v2\/posts\/63260\/revisions"}],"wp:featuredmedia":[{"embeddable":true,"href":"https:\/\/www.europesays.com\/se\/wp-json\/wp\/v2\/media\/33148"}],"wp:attachment":[{"href":"https:\/\/www.europesays.com\/se\/wp-json\/wp\/v2\/media?parent=63260"}],"wp:term":[{"taxonomy":"category","embeddable":true,"href":"https:\/\/www.europesays.com\/se\/wp-json\/wp\/v2\/categories?post=63260"},{"taxonomy":"post_tag","embeddable":true,"href":"https:\/\/www.europesays.com\/se\/wp-json\/wp\/v2\/tags?post=63260"}],"curies":[{"name":"wp","href":"https:\/\/api.w.org\/{rel}","templated":true}]}}