{"id":63342,"date":"2025-10-24T12:27:07","date_gmt":"2025-10-24T12:27:07","guid":{"rendered":"https:\/\/www.europesays.com\/se\/63342\/"},"modified":"2025-10-24T12:27:07","modified_gmt":"2025-10-24T12:27:07","slug":"jeremy-allen-white-hyllas-som-dyster-springsteen","status":"publish","type":"post","link":"https:\/\/www.europesays.com\/se\/63342\/","title":{"rendered":"Jeremy Allen White hyllas som dyster Springsteen"},"content":{"rendered":"<p>I \u201dSpringsteen: Deliver me from nowhere\u201d skildras skapandet av rockbossens skiva \u201dNebraska\u201d fr\u00e5n 1982, och depressionen som kantade processen. Recensenterna \u00e4r \u00f6verlag positiva och hyllar \u201dThe bear\u201d-sk\u00e5disen Jeremy Allen Whites insats i huvudrollen.<\/p>\n<p>GP:s Johan Lindqvist beskriver det som \u201dinte s\u00e5 mycket en musikfilm som en historia om psykisk oh\u00e4lsa, en fr\u00e5nvarande far och sjukdom, skuld och sorg som g\u00e5r i arv.\u201d<\/p>\n<p>Tonfallet i filmen \u00e4r troget st\u00e4mningen p\u00e5 skivan \u201dNebraska\u201d, skriver Aftonbladets Jens Peterson.<\/p>\n<p>\u201dMer en lugn tryckare om tvivel och tr\u00f6st \u00e4n en dansglad fest. En bister ballad om att brottas med barndom och ber\u00f6mmelse.\u201d<\/p>\n<p>Moviezines Lucas Mass \u00e4r mer kritisk. F\u00f6r den inbitne finns mycket att f\u00f6rsjunka i, men f\u00f6r andra blir det en tr\u00f6g transportstr\u00e4cka full av slitna biopic-klyschor, skriver han.<\/p>\n<p>\u201dAlbumet \u2019Nebraska\u2019 hyllas f\u00f6r att k\u00e4nnas s\u00e5 r\u00e5tt, avskalat och \u00e4kta. Filmen om dess tillkomst k\u00e4nns inte alls.\u201d<\/p>\n<p>Snittbetyget \u00e4r baserat p\u00e5 6 av 8 recensioner eftersom vissa av k\u00e4llorna inte s\u00e4tter betyg.<\/p>\n<p>Omni \u00e4r politiskt obundna och oberoende. Vi str\u00e4var efter att ge fler perspektiv p\u00e5 nyheterna. Har du fr\u00e5gor eller synpunkter kring v\u00e5r rapportering? <a href=\"https:\/\/omni.se\/jeremy-allen-white-hyllas-som-dyster-springsteen\/a\/mailto:redaktion@omni.se\" class=\"ArticleActions_contactLink__W2F1M\" rel=\"nofollow noopener\" target=\"_blank\">Kontakta redaktionen<\/a><\/p>\n","protected":false},"excerpt":{"rendered":"I \u201dSpringsteen: Deliver me from nowhere\u201d skildras skapandet av rockbossens skiva \u201dNebraska\u201d fr\u00e5n 1982, och depressionen som kantade&hellip;\n","protected":false},"author":2,"featured_media":63343,"comment_status":"","ping_status":"","sticky":false,"template":"","format":"standard","meta":{"footnotes":""},"categories":[67],"tags":[4818,104,168,2096,270,5889,5888,172,34,31,33,32,30,105],"class_list":{"0":"post-63342","1":"post","2":"type-post","3":"status-publish","4":"format-standard","5":"has-post-thumbnail","7":"category-underhallning","8":"tag-bruce-springsteen","9":"tag-entertainment","10":"tag-film-tv","11":"tag-filmrecensioner","12":"tag-helg","13":"tag-jens-peterson","14":"tag-jeremy-allen-white","15":"tag-musik","16":"tag-se","17":"tag-svenska","18":"tag-sverige","19":"tag-sweden","20":"tag-swedish","21":"tag-underhallning"},"share_on_mastodon":{"url":"https:\/\/pubeurope.com\/@se\/115429142917929644","error":""},"_links":{"self":[{"href":"https:\/\/www.europesays.com\/se\/wp-json\/wp\/v2\/posts\/63342","targetHints":{"allow":["GET"]}}],"collection":[{"href":"https:\/\/www.europesays.com\/se\/wp-json\/wp\/v2\/posts"}],"about":[{"href":"https:\/\/www.europesays.com\/se\/wp-json\/wp\/v2\/types\/post"}],"author":[{"embeddable":true,"href":"https:\/\/www.europesays.com\/se\/wp-json\/wp\/v2\/users\/2"}],"replies":[{"embeddable":true,"href":"https:\/\/www.europesays.com\/se\/wp-json\/wp\/v2\/comments?post=63342"}],"version-history":[{"count":0,"href":"https:\/\/www.europesays.com\/se\/wp-json\/wp\/v2\/posts\/63342\/revisions"}],"wp:featuredmedia":[{"embeddable":true,"href":"https:\/\/www.europesays.com\/se\/wp-json\/wp\/v2\/media\/63343"}],"wp:attachment":[{"href":"https:\/\/www.europesays.com\/se\/wp-json\/wp\/v2\/media?parent=63342"}],"wp:term":[{"taxonomy":"category","embeddable":true,"href":"https:\/\/www.europesays.com\/se\/wp-json\/wp\/v2\/categories?post=63342"},{"taxonomy":"post_tag","embeddable":true,"href":"https:\/\/www.europesays.com\/se\/wp-json\/wp\/v2\/tags?post=63342"}],"curies":[{"name":"wp","href":"https:\/\/api.w.org\/{rel}","templated":true}]}}