{"id":63381,"date":"2025-10-24T13:32:40","date_gmt":"2025-10-24T13:32:40","guid":{"rendered":"https:\/\/www.europesays.com\/se\/63381\/"},"modified":"2025-10-24T13:32:40","modified_gmt":"2025-10-24T13:32:40","slug":"smhi-varnar-for-sno-i-norra-sverige","status":"publish","type":"post","link":"https:\/\/www.europesays.com\/se\/63381\/","title":{"rendered":"SMHI varnar f\u00f6r sn\u00f6 i norra Sverige"},"content":{"rendered":"<p>Publicerad 24 okt 2025 kl 13.28Uppdaterad kl 14.01<\/p>\n<p>SMHI har utf\u00e4rdat en gul varning f\u00f6r sn\u00f6 i de inre delarna av V\u00e4sterbottens och Norrbottens l\u00e4n.\u00a0<\/p>\n<p>V\u00e4dret kan orsaka halka och d\u00e5lig sikt.<\/p>\n<p>Senaste nyhetsklippen fr\u00e5n Expressen.<img   alt=\"\"\/><\/p>\n<p>Den kan komma kraftigt sn\u00f6fall i norra Sverige i helgen.<\/p>\n<p>Foto: Janerik Henriksson \/ TT NYHETSBYR\u00c5N<\/p>\n<p>\u00d6ppna bild i helsk\u00e4rm<img loading=\"lazy\"   alt=\"\"\/><\/p>\n<p>Sn\u00f6n kan st\u00e4lla till det i trafiken.<\/p>\n<p>Foto: PATRIK C \u00d6STERBERG \/ STELLA PICTURES<\/p>\n<p>\u00d6ppna bild i helsk\u00e4rm<\/p>\n<p>\u2013 Det regnomr\u00e5de som ligger \u00f6ver norra G\u00f6taland och Svealand nu kommer att r\u00f6ra sig norrut under kv\u00e4llen och natten och \u00f6verg\u00e5 i sn\u00f6fall, helt eller delvis, s\u00e4ger meteorologen Hilda Westberg.<\/p>\n<p>Sn\u00f6fallet kan tidvis bli kraftigt och totalt v\u00e4ntas det komma mellan 5 och 10 centimeter. Det kan vara sv\u00e5rt att ta sig fram i trafiken.<\/p>\n<p>\u2013 Det \u00e4r h\u00f6stlov kommande vecka, och om man har t\u00e4nkt sig att k\u00f6ra redan i morgon kan det kanske vara bra att v\u00e4nta en dag, s\u00e4ger Westberg.<\/p>\n<p>\u201dGr\u00e5tt och bl\u00f6tt\u201d<\/p>\n<p>Varningen g\u00e4ller fr\u00e5n den 25 oktober klockan 12 till den 26 oktober klockan 09.<\/p>\n<p>F\u00f6r resten av landet v\u00e4ntar n\u00e5gra h\u00f6struskiga dagar.<\/p>\n<p>\u2013 Gr\u00e5tt och bl\u00f6tt, om man ska sammanfatta det, s\u00e4ger Hilda Westberg om helgv\u00e4dret.<\/p>\n<p>Det \u00e4r os\u00e4kert hur l\u00e4nge regnet kommer att h\u00e5lla i sig, enligt Westberg, men enligt prognosen kan det klarna upp i vissa delar av landet fram\u00e5t mitten av n\u00e4sta vecka.<\/p>\n","protected":false},"excerpt":{"rendered":"Publicerad 24 okt 2025 kl 13.28Uppdaterad kl 14.01 SMHI har utf\u00e4rdat en gul varning f\u00f6r sn\u00f6 i de&hellip;\n","protected":false},"author":2,"featured_media":63382,"comment_status":"","ping_status":"","sticky":false,"template":"","format":"standard","meta":{"footnotes":""},"categories":[12],"tags":[22,23,26,27,17,21,24,25,28,29,15,16,288,18,34,281,31,33,32,30,19,290,20],"class_list":{"0":"post-63381","1":"post","2":"type-post","3":"status-publish","4":"format-standard","5":"has-post-thumbnail","7":"category-sverige","8":"tag-breaking-news","9":"tag-breakingnews","10":"tag-featured-news","11":"tag-featurednews","12":"tag-headlines","13":"tag-huvudnyheter","14":"tag-latest-news","15":"tag-latestnews","16":"tag-main-news","17":"tag-mainnews","18":"tag-news","19":"tag-nyheter","20":"tag-organization-smhi","21":"tag-rubriker","22":"tag-se","23":"tag-sections-vader","24":"tag-svenska","25":"tag-sverige","26":"tag-sweden","27":"tag-swedish","28":"tag-top-stories","29":"tag-topic-vaderprognos","30":"tag-topstories"},"share_on_mastodon":{"url":"https:\/\/pubeurope.com\/@se\/115429398556034609","error":""},"_links":{"self":[{"href":"https:\/\/www.europesays.com\/se\/wp-json\/wp\/v2\/posts\/63381","targetHints":{"allow":["GET"]}}],"collection":[{"href":"https:\/\/www.europesays.com\/se\/wp-json\/wp\/v2\/posts"}],"about":[{"href":"https:\/\/www.europesays.com\/se\/wp-json\/wp\/v2\/types\/post"}],"author":[{"embeddable":true,"href":"https:\/\/www.europesays.com\/se\/wp-json\/wp\/v2\/users\/2"}],"replies":[{"embeddable":true,"href":"https:\/\/www.europesays.com\/se\/wp-json\/wp\/v2\/comments?post=63381"}],"version-history":[{"count":0,"href":"https:\/\/www.europesays.com\/se\/wp-json\/wp\/v2\/posts\/63381\/revisions"}],"wp:featuredmedia":[{"embeddable":true,"href":"https:\/\/www.europesays.com\/se\/wp-json\/wp\/v2\/media\/63382"}],"wp:attachment":[{"href":"https:\/\/www.europesays.com\/se\/wp-json\/wp\/v2\/media?parent=63381"}],"wp:term":[{"taxonomy":"category","embeddable":true,"href":"https:\/\/www.europesays.com\/se\/wp-json\/wp\/v2\/categories?post=63381"},{"taxonomy":"post_tag","embeddable":true,"href":"https:\/\/www.europesays.com\/se\/wp-json\/wp\/v2\/tags?post=63381"}],"curies":[{"name":"wp","href":"https:\/\/api.w.org\/{rel}","templated":true}]}}