{"id":63415,"date":"2025-10-24T14:32:11","date_gmt":"2025-10-24T14:32:11","guid":{"rendered":"https:\/\/www.europesays.com\/se\/63415\/"},"modified":"2025-10-24T14:32:11","modified_gmt":"2025-10-24T14:32:11","slug":"2025-10-24-cyklist-pakord-i-centrala-aneby-anebynytt","status":"publish","type":"post","link":"https:\/\/www.europesays.com\/se\/63415\/","title":{"rendered":"2025-10-24, Cyklist p\u00e5k\u00f6rd i centrala Aneby \u2013 AnebyNytt"},"content":{"rendered":"<p>            <img width=\"1000\" height=\"664\" src=\"https:\/\/www.europesays.com\/se\/wp-content\/uploads\/2025\/10\/241110_trafikolycka_skol_osterlgt_1.jpg\" class=\"img-fluid wp-post-image\" alt=\"\" decoding=\"async\" fetchpriority=\"high\"  \/>        <\/p>\n<p>Text &amp; arkivfoto: Tobias Marbenius.<\/p>\n<p><strong>P\u00e5 fredagsf\u00f6rmiddagen vid 10:30-tiden blev en cyklist p\u00e5k\u00f6rd av en personbil centrala Aneby. <\/strong><\/p>\n<p>Till olycksplatsen, som var vid korsningen Storgatan \/ Tomtebogatan, larmades R\u00e4ddningstj\u00e4nsten i Aneby tillsammans med ambulans och polis. <\/p>\n<p>Enligt uppgifter fr\u00e5n r\u00e4ddningstj\u00e4nstens ledningscentral till Sm\u00e5lands-Tidningen var den drabbade cyklisten efter olyckan uppe och gick.<\/p>\n<p>Den drabbade personen f\u00f6ljde med ambulansen till sjukhus, oklart skadel\u00e4ge.<\/p>\n<p class=\"has-small-font-size\">Annons<\/p>\n<p>\t\tInl\u00e4ggsnavigering<\/p>\n","protected":false},"excerpt":{"rendered":"Text &amp; arkivfoto: Tobias Marbenius. P\u00e5 fredagsf\u00f6rmiddagen vid 10:30-tiden blev en cyklist p\u00e5k\u00f6rd av en personbil centrala Aneby.&hellip;\n","protected":false},"author":2,"featured_media":63416,"comment_status":"","ping_status":"","sticky":false,"template":"","format":"standard","meta":{"footnotes":""},"categories":[12],"tags":[22,23,26,27,17,21,24,25,28,29,15,16,18,34,31,33,32,30,19,20],"class_list":{"0":"post-63415","1":"post","2":"type-post","3":"status-publish","4":"format-standard","5":"has-post-thumbnail","7":"category-sverige","8":"tag-breaking-news","9":"tag-breakingnews","10":"tag-featured-news","11":"tag-featurednews","12":"tag-headlines","13":"tag-huvudnyheter","14":"tag-latest-news","15":"tag-latestnews","16":"tag-main-news","17":"tag-mainnews","18":"tag-news","19":"tag-nyheter","20":"tag-rubriker","21":"tag-se","22":"tag-svenska","23":"tag-sverige","24":"tag-sweden","25":"tag-swedish","26":"tag-top-stories","27":"tag-topstories"},"share_on_mastodon":{"url":"https:\/\/pubeurope.com\/@se\/115429634543786731","error":""},"_links":{"self":[{"href":"https:\/\/www.europesays.com\/se\/wp-json\/wp\/v2\/posts\/63415","targetHints":{"allow":["GET"]}}],"collection":[{"href":"https:\/\/www.europesays.com\/se\/wp-json\/wp\/v2\/posts"}],"about":[{"href":"https:\/\/www.europesays.com\/se\/wp-json\/wp\/v2\/types\/post"}],"author":[{"embeddable":true,"href":"https:\/\/www.europesays.com\/se\/wp-json\/wp\/v2\/users\/2"}],"replies":[{"embeddable":true,"href":"https:\/\/www.europesays.com\/se\/wp-json\/wp\/v2\/comments?post=63415"}],"version-history":[{"count":0,"href":"https:\/\/www.europesays.com\/se\/wp-json\/wp\/v2\/posts\/63415\/revisions"}],"wp:featuredmedia":[{"embeddable":true,"href":"https:\/\/www.europesays.com\/se\/wp-json\/wp\/v2\/media\/63416"}],"wp:attachment":[{"href":"https:\/\/www.europesays.com\/se\/wp-json\/wp\/v2\/media?parent=63415"}],"wp:term":[{"taxonomy":"category","embeddable":true,"href":"https:\/\/www.europesays.com\/se\/wp-json\/wp\/v2\/categories?post=63415"},{"taxonomy":"post_tag","embeddable":true,"href":"https:\/\/www.europesays.com\/se\/wp-json\/wp\/v2\/tags?post=63415"}],"curies":[{"name":"wp","href":"https:\/\/api.w.org\/{rel}","templated":true}]}}