{"id":63421,"date":"2025-10-24T14:35:07","date_gmt":"2025-10-24T14:35:07","guid":{"rendered":"https:\/\/www.europesays.com\/se\/63421\/"},"modified":"2025-10-24T14:35:07","modified_gmt":"2025-10-24T14:35:07","slug":"uppgifter-lulea-jagar-kanadensisk-liiga-succe","status":"publish","type":"post","link":"https:\/\/www.europesays.com\/se\/63421\/","title":{"rendered":"Uppgifter: Lule\u00e5 jagar kanadensisk Liiga-succ\u00e9"},"content":{"rendered":"<p><strong><a href=\"https:\/\/hockeysverige.se\/klubb\/lulea-hockey\/\" rel=\"nofollow noopener\" target=\"_blank\">Lule\u00e5<\/a> \u00e4r p\u00e5 jakt efter en forward \u2013 och de kan ha hittat sin man i 25-\u00e5rige Ben Tardif. Det enda problemet \u00e4r att forwarden har en klubb i finska K\u00e4rp\u00e4t \u2013 som s\u00e4tter stopp f\u00f6r en \u00f6verg\u00e5ng.<br \/>\u2013 Vi kommenterar inte andra lags spelare, s\u00e4ger Lule\u00e5s vice sportchef Ulf Engman till <a href=\"https:\/\/www.nsd.se\/sport\/ishockey\/artikel\/avslojar-lulea-hockey-jobbar-pa-malfarlig-kanadensare\/jn179yml\" rel=\"nofollow noopener\" target=\"_blank\">NSD<\/a>.<\/strong><\/p>\n<p><img loading=\"lazy\" decoding=\"async\" width=\"1024\" height=\"658\" src=\"https:\/\/www.europesays.com\/se\/wp-content\/uploads\/2025\/10\/Ben-Tardif-1-1024x658.webp.webp\" alt=\"\" class=\"wp-image-317525\"  \/>Ben Tardif.<br \/>\nFoto: Sk\u00e4rmdump fr\u00e5n K\u00e4rp\u00e4ts Youtube-kanal.<\/p>\n<p><a href=\"https:\/\/hockeysverige.se\/spelare\/brendan-shinnimin\/\" rel=\"nofollow noopener\" target=\"_blank\">Brendan Shinnimin<\/a> \u00e4r p\u00e5 v\u00e4g tillbaka till Lule\u00e5.<\/p>\n<p><a href=\"https:\/\/hockeysverige.se\/spelare\/jakob-ihs-wozniak\/\" rel=\"nofollow noopener\" target=\"_blank\">Jakob Ihs-Wozniak<\/a> kan g\u00e5 fritt mellan Lule\u00e5 och <a href=\"https:\/\/hockeysverige.se\/hockeyallsvenskan\/\" rel=\"nofollow noopener\" target=\"_blank\">allsvenska<\/a> <a href=\"https:\/\/hockeysverige.se\/klubb\/if-bjorkloven\/\" rel=\"nofollow noopener\" target=\"_blank\">Bj\u00f6rkl\u00f6ven<\/a> \u2013 \u00e4nd\u00e5 jagar <a href=\"https:\/\/hockeysverige.se\/shl\/\" rel=\"nofollow noopener\" target=\"_blank\">SHL<\/a>-klubben ytterligare en forward.<\/p>\n<p>Och enligt uppgifter till NSD har de hittat sin man, n\u00e4mligen den 25-\u00e5rige kanadensaren Ben Tardif. Forwarden h\u00f6r till vardags hemma i finska K\u00e4rp\u00e4t, men Liiga-laget ska vara villiga att sl\u00e4ppa Tardif i utbyte mot Lule\u00e5s Heikki Liedes. Lule\u00e5 ska dock inte vara villiga att sl\u00e4ppa den finska forwarden.<\/p>\n<p>Lule\u00e5s vice sportchef Ulf Engman vill inte kommentera ryktena om Ben Tardif.<\/p>\n<p>\u2013 Vi kommenterar inte andra lags spelare, s\u00e4ger Ulf Engman till NSD.<\/p>\n<p>Tardif g\u00f6r sin tredje s\u00e4song i Finland och har hittills noterats f\u00f6r 107 po\u00e4ng (41+66) p\u00e5 132 matcher. 25-\u00e5ringen har ocks\u00e5 hunnit med tv\u00e5 s\u00e4songer i ECHL, d\u00e4r han noterades f\u00f6r 77 po\u00e4ng (24+53) p\u00e5 71 matcher. Han har ocks\u00e5 gjort 45 matcher i <a href=\"https:\/\/hockeysverige.se\/AHL\/\" rel=\"nofollow noopener\" target=\"_blank\">AHL<\/a>, d\u00e4r han noterades f\u00f6r nio po\u00e4ng (2+7).<\/p>\n<p> Source: <a href=\"https:\/\/www.eliteprospects.com\/player\/335694\/ben-tardif\" target=\"_blank\" rel=\"noopener noreferrer nofollow\">Ben Tardif<\/a> @ Elite Prospects<\/p>\n","protected":false},"excerpt":{"rendered":"Lule\u00e5 \u00e4r p\u00e5 jakt efter en forward \u2013 och de kan ha hittat sin man i 25-\u00e5rige Ben&hellip;\n","protected":false},"author":2,"featured_media":63422,"comment_status":"","ping_status":"","sticky":false,"template":"","format":"standard","meta":{"footnotes":""},"categories":[68],"tags":[34,133,134,111,110,31,33,32,30],"class_list":{"0":"post-63421","1":"post","2":"type-post","3":"status-publish","4":"format-standard","5":"has-post-thumbnail","7":"category-sport","8":"tag-se","9":"tag-second-news","10":"tag-shl","11":"tag-sport","12":"tag-sports","13":"tag-svenska","14":"tag-sverige","15":"tag-sweden","16":"tag-swedish"},"share_on_mastodon":{"url":"https:\/\/pubeurope.com\/@se\/115429646219725076","error":""},"_links":{"self":[{"href":"https:\/\/www.europesays.com\/se\/wp-json\/wp\/v2\/posts\/63421","targetHints":{"allow":["GET"]}}],"collection":[{"href":"https:\/\/www.europesays.com\/se\/wp-json\/wp\/v2\/posts"}],"about":[{"href":"https:\/\/www.europesays.com\/se\/wp-json\/wp\/v2\/types\/post"}],"author":[{"embeddable":true,"href":"https:\/\/www.europesays.com\/se\/wp-json\/wp\/v2\/users\/2"}],"replies":[{"embeddable":true,"href":"https:\/\/www.europesays.com\/se\/wp-json\/wp\/v2\/comments?post=63421"}],"version-history":[{"count":0,"href":"https:\/\/www.europesays.com\/se\/wp-json\/wp\/v2\/posts\/63421\/revisions"}],"wp:featuredmedia":[{"embeddable":true,"href":"https:\/\/www.europesays.com\/se\/wp-json\/wp\/v2\/media\/63422"}],"wp:attachment":[{"href":"https:\/\/www.europesays.com\/se\/wp-json\/wp\/v2\/media?parent=63421"}],"wp:term":[{"taxonomy":"category","embeddable":true,"href":"https:\/\/www.europesays.com\/se\/wp-json\/wp\/v2\/categories?post=63421"},{"taxonomy":"post_tag","embeddable":true,"href":"https:\/\/www.europesays.com\/se\/wp-json\/wp\/v2\/tags?post=63421"}],"curies":[{"name":"wp","href":"https:\/\/api.w.org\/{rel}","templated":true}]}}