{"id":63429,"date":"2025-10-24T14:41:13","date_gmt":"2025-10-24T14:41:13","guid":{"rendered":"https:\/\/www.europesays.com\/se\/63429\/"},"modified":"2025-10-24T14:41:13","modified_gmt":"2025-10-24T14:41:13","slug":"patienter-forvaxlades-fick-fel-medicindos","status":"publish","type":"post","link":"https:\/\/www.europesays.com\/se\/63429\/","title":{"rendered":"Patienter f\u00f6rv\u00e4xlades \u2013 fick fel medicindos"},"content":{"rendered":"<p>share-arrowDela<\/p>\n<p>unsaveSpara<\/p>\n<p>expand-left<\/p>\n<p>helsk\u00e4rm<img decoding=\"async\" class=\"image-asset hyperion-css-u06ts1\" data-test-tag=\"image-asset\" src=\"https:\/\/www.europesays.com\/se\/wp-content\/uploads\/2025\/10\/05fae651-c706-4e06-8659-f00db83e87ca\"  alt=\"Ett f\u00e5tal incidenter har rapporterats, men det \u00e4r oklart hur m\u00e5nga som \u00e4r drabbade, enligt Region Kalmar l\u00e4n. Arkivbild.\"  loading=\"eager\" fetchpriority=\"high\" style=\"aspect-ratio:1900 \/ 1267\"\/>Ett f\u00e5tal incidenter har rapporterats, men det \u00e4r oklart hur m\u00e5nga som \u00e4r drabbade, enligt Region Kalmar l\u00e4n. Arkivbild. Foto: Janerik Henriksson\/TT<\/p>\n<p class=\"hyperion-css-1shl3oz\" data-test-tag=\"lead-text\">Patienter har f\u00f6rv\u00e4xlats p\u00e5 grund av ett tekniskt fel och ett ok\u00e4nt antal personer har d\u00e4rf\u00f6r f\u00e5tt fel l\u00e4kemedelsdos, rapporterar SVT Nyheter Sm\u00e5land.<\/p>\n<p class=\"hyperion-css-1v9qo5x\">De som kan vara ber\u00f6rda \u00e4r personer i Kalmar l\u00e4n som \u00e4r anslutna till systemet med dosf\u00f6rpackade l\u00e4kemedel, Apodos, om de f\u00e5tt \u00e4ndrad l\u00e4kemedelsdosering under perioden 19 till 22 oktober, skriver regionen p\u00e5 sin sajt.<\/p>\n<p class=\"hyperion-css-1v9qo5x\">Ett f\u00e5tal incidenter har rapporterats, men det \u00e4r oklart hur m\u00e5nga som \u00e4r drabbade.<\/p>\n<p class=\"hyperion-css-1v9qo5x\">Sedan i onsdags \u00e4r felet tillf\u00e4lligt \u00e5tg\u00e4rdat och det finns inte l\u00e4ngre n\u00e5gon risk f\u00f6r f\u00f6rv\u00e4xling, skriver regionen. H\u00e4ndelsen har anm\u00e4lts till Integritetsskyddsmyndigheten.<\/p>\n","protected":false},"excerpt":{"rendered":"share-arrowDela unsaveSpara expand-left helsk\u00e4rmEtt f\u00e5tal incidenter har rapporterats, men det \u00e4r oklart hur m\u00e5nga som \u00e4r drabbade, enligt&hellip;\n","protected":false},"author":2,"featured_media":63430,"comment_status":"","ping_status":"","sticky":false,"template":"","format":"standard","meta":{"footnotes":""},"categories":[5],"tags":[22,23,26,27,17,21,24,25,28,29,15,16,18,34,31,33,32,30,19,20],"class_list":{"0":"post-63429","1":"post","2":"type-post","3":"status-publish","4":"format-standard","5":"has-post-thumbnail","7":"category-rubriker","8":"tag-breaking-news","9":"tag-breakingnews","10":"tag-featured-news","11":"tag-featurednews","12":"tag-headlines","13":"tag-huvudnyheter","14":"tag-latest-news","15":"tag-latestnews","16":"tag-main-news","17":"tag-mainnews","18":"tag-news","19":"tag-nyheter","20":"tag-rubriker","21":"tag-se","22":"tag-svenska","23":"tag-sverige","24":"tag-sweden","25":"tag-swedish","26":"tag-top-stories","27":"tag-topstories"},"share_on_mastodon":{"url":"https:\/\/pubeurope.com\/@se\/115429669843839108","error":""},"_links":{"self":[{"href":"https:\/\/www.europesays.com\/se\/wp-json\/wp\/v2\/posts\/63429","targetHints":{"allow":["GET"]}}],"collection":[{"href":"https:\/\/www.europesays.com\/se\/wp-json\/wp\/v2\/posts"}],"about":[{"href":"https:\/\/www.europesays.com\/se\/wp-json\/wp\/v2\/types\/post"}],"author":[{"embeddable":true,"href":"https:\/\/www.europesays.com\/se\/wp-json\/wp\/v2\/users\/2"}],"replies":[{"embeddable":true,"href":"https:\/\/www.europesays.com\/se\/wp-json\/wp\/v2\/comments?post=63429"}],"version-history":[{"count":0,"href":"https:\/\/www.europesays.com\/se\/wp-json\/wp\/v2\/posts\/63429\/revisions"}],"wp:featuredmedia":[{"embeddable":true,"href":"https:\/\/www.europesays.com\/se\/wp-json\/wp\/v2\/media\/63430"}],"wp:attachment":[{"href":"https:\/\/www.europesays.com\/se\/wp-json\/wp\/v2\/media?parent=63429"}],"wp:term":[{"taxonomy":"category","embeddable":true,"href":"https:\/\/www.europesays.com\/se\/wp-json\/wp\/v2\/categories?post=63429"},{"taxonomy":"post_tag","embeddable":true,"href":"https:\/\/www.europesays.com\/se\/wp-json\/wp\/v2\/tags?post=63429"}],"curies":[{"name":"wp","href":"https:\/\/api.w.org\/{rel}","templated":true}]}}