{"id":63461,"date":"2025-10-24T15:15:11","date_gmt":"2025-10-24T15:15:11","guid":{"rendered":"https:\/\/www.europesays.com\/se\/63461\/"},"modified":"2025-10-24T15:15:11","modified_gmt":"2025-10-24T15:15:11","slug":"regeringen-vill-infora-ett-nationellt-register-for-alla-bostadsratter","status":"publish","type":"post","link":"https:\/\/www.europesays.com\/se\/63461\/","title":{"rendered":"Regeringen vill inf\u00f6ra ett nationellt register f\u00f6r alla bostadsr\u00e4tter"},"content":{"rendered":"<p class=\"font-sans text-base text-text-main dark:text-text-main-dark font-normal leading-[1.4]\">Syftet \u00e4r att skapa ett tydligt och s\u00e4kert system som minskar risken f\u00f6r dolda pantr\u00e4tter och g\u00f6r det enklare att ge l\u00e5n, k\u00f6pa och s\u00e4lja bostadsr\u00e4tter samt f\u00f6r myndigheter att utf\u00f6ra sitt arbete. Det framg\u00e5r av ett pressmeddelande fr\u00e5n Justitiedepartementet.<\/p>\n<p>Lantm\u00e4teriet f\u00f6resl\u00e5s som ansvarig myndighet f\u00f6r det nya registret som ska inneh\u00e5lla uppgifter om bostadsr\u00e4ttshavare, bostadsr\u00e4ttsf\u00f6reningar och pants\u00e4ttningar.<\/p>\n<p>I budgetpropositionen f\u00f6r 2025 avsatte regeringen 10 miljoner kronor till Lantm\u00e4teriets arbete med att bygga upp ett bostadsr\u00e4ttsregister. Myndigheten fick \u00e4ven i maj 2025 i uppdrag att f\u00f6rbereda f\u00f6r ett register f\u00f6r alla bostadsr\u00e4tter. Enligt f\u00f6rslaget ska bostadsr\u00e4ttsf\u00f6reningarna b\u00f6rja l\u00e4mna information fr\u00e5n och med 2027. Insamling och kontroll av uppgifterna ber\u00e4knas p\u00e5g\u00e5 under tv\u00e5 till tre \u00e5r.<br class=\"col-start-2\"\/><\/p>\n","protected":false},"excerpt":{"rendered":"Syftet \u00e4r att skapa ett tydligt och s\u00e4kert system som minskar risken f\u00f6r dolda pantr\u00e4tter och g\u00f6r det&hellip;\n","protected":false},"author":2,"featured_media":63462,"comment_status":"","ping_status":"","sticky":false,"template":"","format":"standard","meta":{"footnotes":""},"categories":[5],"tags":[22,23,26,27,17,21,24,25,28,29,15,16,3409,18,34,31,33,32,30,19,20],"class_list":{"0":"post-63461","1":"post","2":"type-post","3":"status-publish","4":"format-standard","5":"has-post-thumbnail","7":"category-rubriker","8":"tag-breaking-news","9":"tag-breakingnews","10":"tag-featured-news","11":"tag-featurednews","12":"tag-headlines","13":"tag-huvudnyheter","14":"tag-latest-news","15":"tag-latestnews","16":"tag-main-news","17":"tag-mainnews","18":"tag-news","19":"tag-nyheter","20":"tag-regeringen","21":"tag-rubriker","22":"tag-se","23":"tag-svenska","24":"tag-sverige","25":"tag-sweden","26":"tag-swedish","27":"tag-top-stories","28":"tag-topstories"},"share_on_mastodon":{"url":"https:\/\/pubeurope.com\/@se\/115429803635984152","error":""},"_links":{"self":[{"href":"https:\/\/www.europesays.com\/se\/wp-json\/wp\/v2\/posts\/63461","targetHints":{"allow":["GET"]}}],"collection":[{"href":"https:\/\/www.europesays.com\/se\/wp-json\/wp\/v2\/posts"}],"about":[{"href":"https:\/\/www.europesays.com\/se\/wp-json\/wp\/v2\/types\/post"}],"author":[{"embeddable":true,"href":"https:\/\/www.europesays.com\/se\/wp-json\/wp\/v2\/users\/2"}],"replies":[{"embeddable":true,"href":"https:\/\/www.europesays.com\/se\/wp-json\/wp\/v2\/comments?post=63461"}],"version-history":[{"count":0,"href":"https:\/\/www.europesays.com\/se\/wp-json\/wp\/v2\/posts\/63461\/revisions"}],"wp:featuredmedia":[{"embeddable":true,"href":"https:\/\/www.europesays.com\/se\/wp-json\/wp\/v2\/media\/63462"}],"wp:attachment":[{"href":"https:\/\/www.europesays.com\/se\/wp-json\/wp\/v2\/media?parent=63461"}],"wp:term":[{"taxonomy":"category","embeddable":true,"href":"https:\/\/www.europesays.com\/se\/wp-json\/wp\/v2\/categories?post=63461"},{"taxonomy":"post_tag","embeddable":true,"href":"https:\/\/www.europesays.com\/se\/wp-json\/wp\/v2\/tags?post=63461"}],"curies":[{"name":"wp","href":"https:\/\/api.w.org\/{rel}","templated":true}]}}