{"id":63475,"date":"2025-10-24T15:30:26","date_gmt":"2025-10-24T15:30:26","guid":{"rendered":"https:\/\/www.europesays.com\/se\/63475\/"},"modified":"2025-10-24T15:30:26","modified_gmt":"2025-10-24T15:30:26","slug":"pojke-i-lidkoping-dog-efter-misstankt-olycka-i-hemmet-foraldrar-slappta","status":"publish","type":"post","link":"https:\/\/www.europesays.com\/se\/63475\/","title":{"rendered":"Pojke i Lidk\u00f6ping dog efter misst\u00e4nkt olycka i hemmet \u2013 f\u00f6r\u00e4ldrar sl\u00e4ppta"},"content":{"rendered":"<p>Larmet inkom till SOS vid 19.39 p\u00e5 torsdagskv\u00e4llen. F\u00f6r\u00e4ldrarna tog sj\u00e4lva med barnet till en jourcentral efter h\u00e4ndelsen. Trots livr\u00e4ddande insatser gick barnets liv inte att r\u00e4dda. <\/p>\n<p>\u2013 Man g\u00f6r vissa f\u00f6rs\u00f6k att r\u00e4dda pojkens liv men f\u00f6rst\u00e5r ganska snart att han inte gick att r\u00e4dda, s\u00e4ger \u00e5klagare Anna Johansson.<\/p>\n<p>Eftersom omst\u00e4ndigheterna kring det intr\u00e4ffade beh\u00f6ver utredas har en f\u00f6runders\u00f6kning inletts, inledningsvis rubricerad som v\u00e5llande till annans d\u00f6d.<\/p>\n<p>F\u00f6r\u00e4ldrarna anh\u00f6lls men sl\u00e4pptes<\/p>\n<p>Under fredagen meddelade \u00e5klagare Anna Johansson att b\u00e5da f\u00f6r\u00e4ldrarna greps under natten och senare anh\u00f6lls.<\/p>\n<p>\u2013 Utan att g\u00e5 in p\u00e5 sj\u00e4lva h\u00e4ndelsen som ska ha skett i hemmet s\u00e5 uppstod det en del fr\u00e5getecken som g\u00f6r att vi vill utreda h\u00e4ndelsen vidare.<\/p>\n<p>F\u00f6r\u00e4ldrarna f\u00f6rh\u00f6rdes kort under natten till fredagen och under eftermiddagen h\u00f6lls mer ing\u00e5ende f\u00f6rh\u00f6r med dem b\u00e5da.<\/p>\n<p>\u2013 Utg\u00e5ngen av dessa f\u00f6rh\u00f6r f\u00e5r utvisa om misstankarna f\u00f6rsvagas eller f\u00f6rst\u00e4rks, s\u00e4ger \u00e5klagare Anna Johansson. <\/p>\n<p>Senast p\u00e5 m\u00e5ndag ska \u00e5klagare besluta om eventuell h\u00e4ktningsframst\u00e4llan i \u00e4rendet.<\/p>\n","protected":false},"excerpt":{"rendered":"Larmet inkom till SOS vid 19.39 p\u00e5 torsdagskv\u00e4llen. F\u00f6r\u00e4ldrarna tog sj\u00e4lva med barnet till en jourcentral efter h\u00e4ndelsen.&hellip;\n","protected":false},"author":2,"featured_media":793,"comment_status":"","ping_status":"","sticky":false,"template":"","format":"standard","meta":{"footnotes":""},"categories":[12],"tags":[22,23,26,27,17,21,24,25,28,29,15,16,18,34,31,33,32,30,19,20],"class_list":{"0":"post-63475","1":"post","2":"type-post","3":"status-publish","4":"format-standard","5":"has-post-thumbnail","7":"category-sverige","8":"tag-breaking-news","9":"tag-breakingnews","10":"tag-featured-news","11":"tag-featurednews","12":"tag-headlines","13":"tag-huvudnyheter","14":"tag-latest-news","15":"tag-latestnews","16":"tag-main-news","17":"tag-mainnews","18":"tag-news","19":"tag-nyheter","20":"tag-rubriker","21":"tag-se","22":"tag-svenska","23":"tag-sverige","24":"tag-sweden","25":"tag-swedish","26":"tag-top-stories","27":"tag-topstories"},"share_on_mastodon":{"url":"https:\/\/pubeurope.com\/@se\/115429862525439528","error":""},"_links":{"self":[{"href":"https:\/\/www.europesays.com\/se\/wp-json\/wp\/v2\/posts\/63475","targetHints":{"allow":["GET"]}}],"collection":[{"href":"https:\/\/www.europesays.com\/se\/wp-json\/wp\/v2\/posts"}],"about":[{"href":"https:\/\/www.europesays.com\/se\/wp-json\/wp\/v2\/types\/post"}],"author":[{"embeddable":true,"href":"https:\/\/www.europesays.com\/se\/wp-json\/wp\/v2\/users\/2"}],"replies":[{"embeddable":true,"href":"https:\/\/www.europesays.com\/se\/wp-json\/wp\/v2\/comments?post=63475"}],"version-history":[{"count":0,"href":"https:\/\/www.europesays.com\/se\/wp-json\/wp\/v2\/posts\/63475\/revisions"}],"wp:featuredmedia":[{"embeddable":true,"href":"https:\/\/www.europesays.com\/se\/wp-json\/wp\/v2\/media\/793"}],"wp:attachment":[{"href":"https:\/\/www.europesays.com\/se\/wp-json\/wp\/v2\/media?parent=63475"}],"wp:term":[{"taxonomy":"category","embeddable":true,"href":"https:\/\/www.europesays.com\/se\/wp-json\/wp\/v2\/categories?post=63475"},{"taxonomy":"post_tag","embeddable":true,"href":"https:\/\/www.europesays.com\/se\/wp-json\/wp\/v2\/tags?post=63475"}],"curies":[{"name":"wp","href":"https:\/\/api.w.org\/{rel}","templated":true}]}}