{"id":63478,"date":"2025-10-24T15:37:50","date_gmt":"2025-10-24T15:37:50","guid":{"rendered":"https:\/\/www.europesays.com\/se\/63478\/"},"modified":"2025-10-24T15:37:50","modified_gmt":"2025-10-24T15:37:50","slug":"belgiskt-motstand-bromsar-eu-plan-for-ryska-miljarder-2","status":"publish","type":"post","link":"https:\/\/www.europesays.com\/se\/63478\/","title":{"rendered":"Belgiskt motst\u00e5nd bromsar EU-plan f\u00f6r ryska miljarder"},"content":{"rendered":"<p>Det som skulle bli en kraftfull politisk signal till b\u00e5de Ukraina och Ryssland slutade i en luddig textformulering. EU-l\u00e4ndernas stats- och regeringschefer misslyckades p\u00e5 torsdagen att enas om f\u00f6rslaget att anv\u00e4nda avkastningen fr\u00e5n frysta ryska centralbankstillg\u00e5ngar f\u00f6r att finansiera ett stort reparationsl\u00e5n till Ukraina, utan sk\u00f6t beslutet till december.<\/p>\n<p>Huvudorsaken var ett benh\u00e5rt motst\u00e5nd fr\u00e5n Belgiens premi\u00e4rminister Bart De Wever. Merparten av de cirka 190 miljarder euro i ryska tillg\u00e5ngar som \u00e4r frysta inom EU finns hos det Brysselbaserade finansiella institutet Euroclear vilket g\u00f6r Belgiens medverkan avg\u00f6rande.<\/p>\n<p>I st\u00e4llet f\u00f6r att ge EU-kommissionen ett tydligt mandat att g\u00e5 vidare med l\u00e5nepaketet, enades ledarna om en mer f\u00f6rsiktigt formulerad text. Den ger kommissionen i uppdrag att \u201ds\u00e5 snart som m\u00f6jligt\u201d presentera \u201dalternativ f\u00f6r finansiellt st\u00f6d\u201d f\u00f6r att m\u00f6ta Ukrainas behov f\u00f6r 2026 och 2027.<\/p>\n<p><strong>Belgiens kravlista<\/strong><br \/>Vid en ovanligt l\u00e5ng presskonferens efter EU-toppm\u00f6tet redogjorde Bart De Wever i detalj f\u00f6r sina inv\u00e4ndningar, som han menar \u00e4r avg\u00f6rande f\u00f6r b\u00e5de Belgien och hela eurozonens finansiella stabilitet.<\/p>\n<p>\u2013 Detta har aldrig gjorts f\u00f6rut. Vi befinner oss i ok\u00e4nt vatten. \u00c4r det lagligt? Det \u00e4r oklart, sade De Wever och listade tre huvudproblem.<\/p>\n<p>F\u00f6r det f\u00f6rsta ifr\u00e5gas\u00e4tter han legaliteten i att anv\u00e4nda suver\u00e4na tillg\u00e5ngar, n\u00e5got som enligt honom inte skedde ens under andra v\u00e4rldskriget. Han f\u00f6rutsp\u00e5r att Ryssland kommer att begrava EU i st\u00e4mningar och varnade f\u00f6r ryska mot\u00e5tg\u00e4rder.<\/p>\n<p>\u2013 Moskva har meddelat oss att om vi r\u00f6r pengarna kommer vi att k\u00e4nna av konsekvenserna till evigheten, vilket verkar vara en l\u00e5ng tid, sade De Wever.<\/p>\n<p>F\u00f6r det andra, och viktigast enligt De Wever, \u00e4r fr\u00e5gan om garantier. Han h\u00e4nvisade till Europeiska centralbankens (ECB) chef Christine Lagarde, som under m\u00f6tet betonade att om pengarna m\u00e5ste \u00e5terbetalas till Ryssland \u2013 till exempel efter ett fredsavtal \u2013 m\u00e5ste hela beloppet kunna g\u00f6ras tillg\u00e4ngligt omedelbart.<\/p>\n<p>\u2013 Vem ska ge den garantin? Jag fr\u00e5gade mina kollegor: \u00c4r det ni? Fr\u00e5gan besvarades inte med en tsunami av entusiasm, sade De Wever och klargjorde att Belgien inte ensamt kan eller kommer att st\u00e5 f\u00f6r risken.<\/p>\n<p>Enligt honom kan det skapa ett systemiskt hot mot euroomr\u00e5det om de 140 miljarderna euro anv\u00e4nds f\u00f6r l\u00e5n till Ukraina utan garantier.<\/p>\n<p>F\u00f6r det tredje kr\u00e4vde han internationell samordning. Att EU agerar ensamt skulle kunna skada eurons trov\u00e4rdighet som reservvaluta. Han menar att andra l\u00e4nder d\u00e4r ryska tillg\u00e5ngar finns, som Storbritannien, Japan och USA, ocks\u00e5 m\u00e5ste delta.<\/p>\n<p><strong>Starkt st\u00f6d f\u00f6r l\u00e5n<\/strong><br \/>Trots Belgiens motst\u00e5nd finns ett brett st\u00f6d f\u00f6r att hitta en l\u00f6sning. B\u00e5de Tysklands f\u00f6rbundskansler Friedrich Merz och Frankrikes president Emmanuel Macron har varit starka f\u00f6respr\u00e5kare f\u00f6r l\u00e5nemodellen.<\/p>\n<p>\u2013 Vi kommer s\u00f6ka ett s\u00e4tta att anv\u00e4nda [pengarna], sade Merz och medgav samtidigt att Belgien st\u00e4llt \u201dmycket allvarliga fr\u00e5gor som vi m\u00e5ste l\u00f6sa\u201d.<\/p>\n<p>EU-kommissionens ordf\u00f6rande Ursula von der Leyen framh\u00f6ll att de tekniska problemen \u00e4r m\u00f6jliga att l\u00f6sa och att alternativet \u2013 att inte finansiera Ukraina \u2013 \u00e4r v\u00e4rre.<\/p>\n<p>\u2013 Vi enades om &#8221;vad&#8221; \u2013 det vill s\u00e4ga reparationsl\u00e5net \u2013 och vi m\u00e5ste arbeta med &#8221;hur&#8221;, hur vi g\u00f6r det m\u00f6jligt, vilken som \u00e4r den b\u00e4sta v\u00e4gen fram\u00e5t, sade Ursula von der Leyen som betonade att f\u00f6rslaget respekterar b\u00e5de EU-r\u00e4tt och internationell r\u00e4tt.<\/p>\n<p>Enligt r\u00e5dsordf\u00f6rande Ant\u00f3nio Costa var budskapet fr\u00e5n Europeiska centralbankens chef Christine Lagarde och Eurogruppens ordf\u00f6rande Paschal Donohoe under toppm\u00f6tet tydligt: kommissionens f\u00f6rslag \u00e4r f\u00f6renligt med internationell r\u00e4tt, &#8221;genomf\u00f6rbart&#8221; och alla tekniska problem g\u00e5r att l\u00f6sa.<\/p>\n<p>Sveriges EU-minister Jessica Rosencrantz (M), som efter m\u00f6tet ersatte en f\u00f6rkyld statsminister Ulf Kristersson f\u00f6r att svara p\u00e5 fr\u00e5gor, betonade den moraliska aspekten.<\/p>\n<p>\u2013 Det h\u00e4r \u00e4r det absolut b\u00e4sta alternativet vi har p\u00e5 bordet f\u00f6r att b\u00e5de se till att vi kan t\u00e4cka Ukrainas behov och att Ryssland betalar f\u00f6r den skada de har orsakat, sade Rosencrantz och tillade att \u00e4r rimligt att Belgien har inv\u00e4ndningar man vill ha svar p\u00e5.<\/p>\n<p>Ukrainas president Volodymyr Zelenskyj, som n\u00e4rvarade vid m\u00f6tet, v\u00e4djade till ledarna att fatta ett snabbt beslut.<\/p>\n<p>\u2013 Vi beh\u00f6ver pengarna 2026, och helst i b\u00f6rjan av \u00e5ret, sade Zelenskyj.<\/p>\n<p><strong>Klimat och konkurrens<\/strong><br \/>Ut\u00f6ver Ukrainast\u00f6det diskuterade ledarna \u00e4ven EU:s konkurrenskraft och klimatpolitik. N\u00e5got beslut om det omstridda klimatm\u00e5let f\u00f6r 2040, en utsl\u00e4ppsminskning med 90 procent, fattades inte. Fr\u00e5gan skickas vidare till medlemsl\u00e4ndernas milj\u00f6ministrar som m\u00f6ts i november. Flera \u00f6steuropeiska l\u00e4nder har kr\u00e4vt s\u00e4nkta ambitioner, och slutsatserna talar nu om behovet av en \u201dpragmatisk\u201d och \u201dkostnadseffektiv\u201d omst\u00e4llning med mer flexibilitet.<\/p>\n<p>Ledarna enades ocks\u00e5 om att kraftigt driva p\u00e5 arbetet med regelf\u00f6renklingar f\u00f6r att st\u00e4rka EU:s f\u00f6retag.<\/p>\n<p>N\u00e4sta EU-toppm\u00f6te h\u00e5lls den 18 december d\u00e5 ledarna \u00e5terigen f\u00f6rv\u00e4ntas diskutera hur Ukrainas finansiering ska s\u00e4kerst\u00e4llas. Dessutom planeras ett extra toppm\u00f6te den 12 februari i Belgien, helt \u00e4gnat \u00e5t fr\u00e5gor om europeisk konkurrenskraft.<\/p>\n","protected":false},"excerpt":{"rendered":"Det som skulle bli en kraftfull politisk signal till b\u00e5de Ukraina och Ryssland slutade i en luddig textformulering.&hellip;\n","protected":false},"author":2,"featured_media":63272,"comment_status":"","ping_status":"","sticky":false,"template":"","format":"standard","meta":{"footnotes":""},"categories":[14],"tags":[22,23,26,27,17,21,24,25,28,29,15,16,18,34,31,33,32,30,19,20,51,52,53,54],"class_list":{"0":"post-63478","1":"post","2":"type-post","3":"status-publish","4":"format-standard","5":"has-post-thumbnail","7":"category-varlden","8":"tag-breaking-news","9":"tag-breakingnews","10":"tag-featured-news","11":"tag-featurednews","12":"tag-headlines","13":"tag-huvudnyheter","14":"tag-latest-news","15":"tag-latestnews","16":"tag-main-news","17":"tag-mainnews","18":"tag-news","19":"tag-nyheter","20":"tag-rubriker","21":"tag-se","22":"tag-svenska","23":"tag-sverige","24":"tag-sweden","25":"tag-swedish","26":"tag-top-stories","27":"tag-topstories","28":"tag-varlden","29":"tag-world","30":"tag-world-news","31":"tag-worldnews"},"share_on_mastodon":{"url":"https:\/\/pubeurope.com\/@se\/115429893986487966","error":""},"_links":{"self":[{"href":"https:\/\/www.europesays.com\/se\/wp-json\/wp\/v2\/posts\/63478","targetHints":{"allow":["GET"]}}],"collection":[{"href":"https:\/\/www.europesays.com\/se\/wp-json\/wp\/v2\/posts"}],"about":[{"href":"https:\/\/www.europesays.com\/se\/wp-json\/wp\/v2\/types\/post"}],"author":[{"embeddable":true,"href":"https:\/\/www.europesays.com\/se\/wp-json\/wp\/v2\/users\/2"}],"replies":[{"embeddable":true,"href":"https:\/\/www.europesays.com\/se\/wp-json\/wp\/v2\/comments?post=63478"}],"version-history":[{"count":0,"href":"https:\/\/www.europesays.com\/se\/wp-json\/wp\/v2\/posts\/63478\/revisions"}],"wp:featuredmedia":[{"embeddable":true,"href":"https:\/\/www.europesays.com\/se\/wp-json\/wp\/v2\/media\/63272"}],"wp:attachment":[{"href":"https:\/\/www.europesays.com\/se\/wp-json\/wp\/v2\/media?parent=63478"}],"wp:term":[{"taxonomy":"category","embeddable":true,"href":"https:\/\/www.europesays.com\/se\/wp-json\/wp\/v2\/categories?post=63478"},{"taxonomy":"post_tag","embeddable":true,"href":"https:\/\/www.europesays.com\/se\/wp-json\/wp\/v2\/tags?post=63478"}],"curies":[{"name":"wp","href":"https:\/\/api.w.org\/{rel}","templated":true}]}}