{"id":63481,"date":"2025-10-24T15:39:16","date_gmt":"2025-10-24T15:39:16","guid":{"rendered":"https:\/\/www.europesays.com\/se\/63481\/"},"modified":"2025-10-24T15:39:16","modified_gmt":"2025-10-24T15:39:16","slug":"liberalerna-vill-tillata-skoluniform-liberalerna","status":"publish","type":"post","link":"https:\/\/www.europesays.com\/se\/63481\/","title":{"rendered":"Liberalerna vill till\u00e5ta skoluniform \u2013 Liberalerna"},"content":{"rendered":"<p>I skolan ska elever fokusera p\u00e5 vad de l\u00e4r sig \u2013 inte vad de har p\u00e5 sig.<\/p>\n<p>Det beh\u00f6vs mer ordning och reda f\u00f6r att s\u00e4tta stopp f\u00f6r bristande disciplin, studiero och mobbning i skolan. D\u00e4rf\u00f6r vill Liberalerna m\u00f6jligg\u00f6ra f\u00f6r skolor att inf\u00f6ra skoluniform.<\/p>\n<p>Svansar i f\u00f6rskoleklassen och dyra m\u00e4rkeskl\u00e4der i skolkorridorerna bidrar till att tidigt skapa oh\u00e4lsosamma fixeringar vid status och stress \u00f6ver trender bland barn. I v\u00e4rsta fall kan det leda till mobbning och utfrysning av elever.<\/p>\n<p>Vi kan inte ha en situation d\u00e4r l\u00e4rare ska beh\u00f6va hantera detta. F\u00f6r\u00e4ldrar ska inte heller beh\u00f6va k\u00e4nna en press p\u00e5 att k\u00f6pa labubus till sina barn f\u00f6r att de ska k\u00e4nna gemenskap med sina klasskompisar.<\/p>\n<p>Vuxenv\u00e4rlden m\u00e5ste s\u00e4tta stopp f\u00f6r detta. Barn m\u00e5r bra av tydliga regler och ramar.<\/p>\n","protected":false},"excerpt":{"rendered":"I skolan ska elever fokusera p\u00e5 vad de l\u00e4r sig \u2013 inte vad de har p\u00e5 sig. Det&hellip;\n","protected":false},"author":2,"featured_media":63482,"comment_status":"","ping_status":"","sticky":false,"template":"","format":"standard","meta":{"footnotes":""},"categories":[5],"tags":[22,23,26,27,17,21,24,25,28,29,15,16,18,34,31,33,32,30,19,20],"class_list":{"0":"post-63481","1":"post","2":"type-post","3":"status-publish","4":"format-standard","5":"has-post-thumbnail","7":"category-rubriker","8":"tag-breaking-news","9":"tag-breakingnews","10":"tag-featured-news","11":"tag-featurednews","12":"tag-headlines","13":"tag-huvudnyheter","14":"tag-latest-news","15":"tag-latestnews","16":"tag-main-news","17":"tag-mainnews","18":"tag-news","19":"tag-nyheter","20":"tag-rubriker","21":"tag-se","22":"tag-svenska","23":"tag-sverige","24":"tag-sweden","25":"tag-swedish","26":"tag-top-stories","27":"tag-topstories"},"share_on_mastodon":{"url":"https:\/\/pubeurope.com\/@se\/115429897876671058","error":""},"_links":{"self":[{"href":"https:\/\/www.europesays.com\/se\/wp-json\/wp\/v2\/posts\/63481","targetHints":{"allow":["GET"]}}],"collection":[{"href":"https:\/\/www.europesays.com\/se\/wp-json\/wp\/v2\/posts"}],"about":[{"href":"https:\/\/www.europesays.com\/se\/wp-json\/wp\/v2\/types\/post"}],"author":[{"embeddable":true,"href":"https:\/\/www.europesays.com\/se\/wp-json\/wp\/v2\/users\/2"}],"replies":[{"embeddable":true,"href":"https:\/\/www.europesays.com\/se\/wp-json\/wp\/v2\/comments?post=63481"}],"version-history":[{"count":0,"href":"https:\/\/www.europesays.com\/se\/wp-json\/wp\/v2\/posts\/63481\/revisions"}],"wp:featuredmedia":[{"embeddable":true,"href":"https:\/\/www.europesays.com\/se\/wp-json\/wp\/v2\/media\/63482"}],"wp:attachment":[{"href":"https:\/\/www.europesays.com\/se\/wp-json\/wp\/v2\/media?parent=63481"}],"wp:term":[{"taxonomy":"category","embeddable":true,"href":"https:\/\/www.europesays.com\/se\/wp-json\/wp\/v2\/categories?post=63481"},{"taxonomy":"post_tag","embeddable":true,"href":"https:\/\/www.europesays.com\/se\/wp-json\/wp\/v2\/tags?post=63481"}],"curies":[{"name":"wp","href":"https:\/\/api.w.org\/{rel}","templated":true}]}}