{"id":63491,"date":"2025-10-24T15:56:23","date_gmt":"2025-10-24T15:56:23","guid":{"rendered":"https:\/\/www.europesays.com\/se\/63491\/"},"modified":"2025-10-24T15:56:23","modified_gmt":"2025-10-24T15:56:23","slug":"saab-och-hexagon-lyfte-omxs30-pa-ny-rekordniva","status":"publish","type":"post","link":"https:\/\/www.europesays.com\/se\/63491\/","title":{"rendered":"Saab och Hexagon lyfte \u2013 OMXS30 p\u00e5 ny rekordniv\u00e5"},"content":{"rendered":"<p class=\"\"><strong><a class=\"null text-blue-link underline\" href=\"https:\/\/efn.se\/bors\/instrument\/17921\/omxspi\/oversikt\" rel=\"nofollow noopener\" target=\"_blank\">OMXSPI<\/a><\/strong><strong> <\/strong>tar helg med en uppg\u00e5ng p\u00e5 1,1 procent.<\/p>\n<p class=\"\">Ett lika stort lyft f\u00f6r <strong><a class=\"null text-blue-link underline\" href=\"https:\/\/efn.se\/bors\/instrument\/17921\/omxs30\/oversikt\" rel=\"nofollow noopener\" target=\"_blank\">OMXS30<\/a><\/strong> inneb\u00e4r nytt all time high. Den tidigare toppnoteringen n\u00e5ddes i februari i \u00e5r.<\/p>\n<p class=\"\">F\u00f6rsvarsj\u00e4tten <strong><a class=\"null text-blue-link underline\" href=\"https:\/\/efn.se\/bors\/instrument\/17921\/saab_b\/oversikt\" rel=\"nofollow noopener\" target=\"_blank\">Saab<\/a><\/strong><strong> <\/strong>f\u00f6ljde upp veckans uppm\u00e4rksammade Gripen-aff\u00e4r med Ukraina med en kvartalsrapport som skickade kursen norrut med omkring 7 procent. EFN:s Peter Hedlund \u00e4r dock tveksam till att bolagets kassafl\u00f6de p\u00e5 sikt kommer att leva upp till aktiens v\u00e4rdering, <a class=\"null text-blue-link underline\" href=\"https:\/\/efn.se\/peter-hedlund-saab-fortfarande-saljkandidat\" rel=\"nofollow noopener\" target=\"_blank\">skriver han i en rapportkommentar<\/a>.<\/p>\n<p class=\"\">M\u00e4tteknikbolaget <strong><a class=\"null text-blue-link underline\" href=\"https:\/\/efn.se\/bors\/instrument\/17921\/hexa_b\/oversikt\" rel=\"nofollow noopener\" target=\"_blank\">Hexagon<\/a><\/strong><strong> <\/strong>hakade p\u00e5 i toppen \u2013 upp drygt 7 procent \u2013 och ett sparpaket bed\u00f6ms av EFN:s Martin Blomgren <a class=\"null text-blue-link underline\" href=\"https:\/\/efn.se\/experter-ser-nytt-hexagon-det-kommer-handa-grejer\" rel=\"nofollow noopener\" target=\"_blank\">kunna f\u00e5 fart p\u00e5 bolaget<\/a>.<\/p>\n<p class=\"\">Saabs stor\u00e4gare <strong><a class=\"null text-blue-link underline\" href=\"https:\/\/efn.se\/bors\/instrument\/17921\/inve_b\/oversikt\" rel=\"nofollow noopener\" target=\"_blank\">Investor<\/a><\/strong>, som sitter p\u00e5 31 procent av aktierna, drog in dryga 5 miljarder p\u00e5 rapportlyftet. \u00c4ven Wallenberg\u00e4gda <strong><a class=\"null text-blue-link underline\" href=\"https:\/\/efn.se\/bors\/instrument\/17921\/mtrs\/oversikt\" rel=\"nofollow noopener\" target=\"_blank\">Munters<\/a><\/strong><strong> <\/strong>rusade kraftigt p\u00e5 st\u00e4rkta ordering\u00e5ngar.<\/p>\n<p class=\"\"><strong><a class=\"null text-blue-link underline\" href=\"https:\/\/efn.se\/bors\/instrument\/17921\/lifco_b\/oversikt\" rel=\"nofollow noopener\" target=\"_blank\">Lifco<\/a><\/strong><strong> <\/strong>toppade OMXS30 med ebita-resultat och nettooms\u00e4ttning \u00f6ver f\u00f6rv\u00e4ntan f\u00f6r tredje kvartalet. Under fredagen valde ocks\u00e5 en av industrikoncernens aff\u00e4rsomr\u00e5deschefer att k\u00f6pa p\u00e5 sig 5 500 b-aktier.<\/p>\n<p class=\"\"><strong><a class=\"null text-blue-link underline\" href=\"https:\/\/efn.se\/bors\/instrument\/17921\/sca_b\/oversikt\" rel=\"nofollow noopener\" target=\"_blank\">SCA<\/a><\/strong><strong> <\/strong>stod precis, som konkurrerande skogsbolagen <strong><a class=\"null text-blue-link underline\" href=\"https:\/\/efn.se\/bors\/instrument\/17921\/bill\/oversikt\" rel=\"nofollow noopener\" target=\"_blank\">Billerud<\/a><\/strong><strong> <\/strong>och <strong><a class=\"null text-blue-link underline\" href=\"https:\/\/efn.se\/bors\/instrument\/17921\/ste_r\/oversikt\" rel=\"nofollow noopener\" target=\"_blank\">Stora Enso<\/a><\/strong> tidigare i veckan, f\u00f6r en rapportuppg\u00e5ng <\/p>\n<p class=\"\">It-konsultbolaget <strong><a class=\"null text-blue-link underline\" href=\"https:\/\/efn.se\/bors\/instrument\/17921\/know\/oversikt\" rel=\"nofollow noopener\" target=\"_blank\">Knowit<\/a><\/strong><strong> <\/strong>har lyft mer \u00e4n tv\u00e5siffrigt och Paretos analytiker ser it-konsultbolaget <a class=\"null text-blue-link underline\" href=\"https:\/\/efn.se\/knowit-rusar-analytiker-natt-botten\" rel=\"nofollow noopener\" target=\"_blank\">ta steg mot \u00e5terh\u00e4mtad tillv\u00e4xt<\/a>.<\/p>\n<p class=\"\">Efter <strong><a class=\"null text-blue-link underline\" href=\"https:\/\/efn.se\/bors\/instrument\/17921\/volcar_b\/oversikt\" rel=\"nofollow noopener\" target=\"_blank\">Volvo Cars <\/a><\/strong>rekordlyft under torsdagen ser analytiker <a class=\"null text-blue-link underline\" href=\"https:\/\/efn.se\/efter-tokrusningen-i-volvo-cars-ser-tydligt-hogre-uppsida\" rel=\"nofollow noopener\" target=\"_blank\">h\u00f6gre uppsida<\/a> i bolaget.<\/p>\n<p class=\"\">Tyngst bland storbolagen f\u00f6ll datas\u00e4kerhetsbolaget <strong><a class=\"null text-blue-link underline\" href=\"https:\/\/efn.se\/bors\/instrument\/17921\/yubico\/oversikt\" rel=\"nofollow noopener\" target=\"_blank\">Yubico<\/a><\/strong><strong> <\/strong>som f\u00f6rlorade mer \u00e4n en fj\u00e4rdedel av sitt b\u00f6rsv\u00e4rde efter en vinstvarning p\u00e5 torsdagskv\u00e4llen.<\/p>\n<p class=\"\">\u00c4ven <strong><a class=\"null text-blue-link underline\" href=\"https:\/\/efn.se\/bors\/instrument\/17921\/tobii\/oversikt\" rel=\"nofollow noopener\" target=\"_blank\">Tobii<\/a><\/strong><strong> <\/strong>upplevde en blodr\u00f6d fredag efter att bolagets oms\u00e4ttning fallit fr\u00e5n 211 miljoner i fjol till 158 miljoner det g\u00e5ngna kvartalet. Vid st\u00e4ngning hade b\u00f6rsv\u00e4rdet krympt med 47 procent och \u00f6gonsensorutvecklaren meddelar att emission \u00e4r att v\u00e4nta.<\/p>\n<p class=\"\">Dollarn \u00e4r tre \u00f6re billigare \u00e4n i m\u00e5ndags och kostar 9,40 SEK och den amerikanska tio\u00e5ringen ligger p\u00e5 eftermiddagen kvar p\u00e5 3,99 procent. Den amerikanska inflationen f\u00f6r september p\u00e5 3,0 procent, som rapporterades under dagen, blev l\u00e4gre \u00e4n v\u00e4ntat och bidrar med en skjuts till den amerikanska b\u00f6rsen d\u00e4r S&amp;P 500 ligger p\u00e5 plus 1,0 procent.<\/p>\n","protected":false},"excerpt":{"rendered":"OMXSPI tar helg med en uppg\u00e5ng p\u00e5 1,1 procent. Ett lika stort lyft f\u00f6r OMXS30 inneb\u00e4r nytt all&hellip;\n","protected":false},"author":2,"featured_media":63492,"comment_status":"","ping_status":"","sticky":false,"template":"","format":"standard","meta":{"footnotes":""},"categories":[5],"tags":[22,23,26,27,17,21,24,25,28,29,15,16,18,34,31,33,32,30,19,20],"class_list":{"0":"post-63491","1":"post","2":"type-post","3":"status-publish","4":"format-standard","5":"has-post-thumbnail","7":"category-rubriker","8":"tag-breaking-news","9":"tag-breakingnews","10":"tag-featured-news","11":"tag-featurednews","12":"tag-headlines","13":"tag-huvudnyheter","14":"tag-latest-news","15":"tag-latestnews","16":"tag-main-news","17":"tag-mainnews","18":"tag-news","19":"tag-nyheter","20":"tag-rubriker","21":"tag-se","22":"tag-svenska","23":"tag-sverige","24":"tag-sweden","25":"tag-swedish","26":"tag-top-stories","27":"tag-topstories"},"share_on_mastodon":{"url":"https:\/\/pubeurope.com\/@se\/115429964685285411","error":""},"_links":{"self":[{"href":"https:\/\/www.europesays.com\/se\/wp-json\/wp\/v2\/posts\/63491","targetHints":{"allow":["GET"]}}],"collection":[{"href":"https:\/\/www.europesays.com\/se\/wp-json\/wp\/v2\/posts"}],"about":[{"href":"https:\/\/www.europesays.com\/se\/wp-json\/wp\/v2\/types\/post"}],"author":[{"embeddable":true,"href":"https:\/\/www.europesays.com\/se\/wp-json\/wp\/v2\/users\/2"}],"replies":[{"embeddable":true,"href":"https:\/\/www.europesays.com\/se\/wp-json\/wp\/v2\/comments?post=63491"}],"version-history":[{"count":0,"href":"https:\/\/www.europesays.com\/se\/wp-json\/wp\/v2\/posts\/63491\/revisions"}],"wp:featuredmedia":[{"embeddable":true,"href":"https:\/\/www.europesays.com\/se\/wp-json\/wp\/v2\/media\/63492"}],"wp:attachment":[{"href":"https:\/\/www.europesays.com\/se\/wp-json\/wp\/v2\/media?parent=63491"}],"wp:term":[{"taxonomy":"category","embeddable":true,"href":"https:\/\/www.europesays.com\/se\/wp-json\/wp\/v2\/categories?post=63491"},{"taxonomy":"post_tag","embeddable":true,"href":"https:\/\/www.europesays.com\/se\/wp-json\/wp\/v2\/tags?post=63491"}],"curies":[{"name":"wp","href":"https:\/\/api.w.org\/{rel}","templated":true}]}}