{"id":63513,"date":"2025-10-24T16:22:08","date_gmt":"2025-10-24T16:22:08","guid":{"rendered":"https:\/\/www.europesays.com\/se\/63513\/"},"modified":"2025-10-24T16:22:08","modified_gmt":"2025-10-24T16:22:08","slug":"skidskyttestjarnan-julia-simon-doms-for-stold","status":"publish","type":"post","link":"https:\/\/www.europesays.com\/se\/63513\/","title":{"rendered":"Skidskyttestj\u00e4rnan Julia Simon d\u00f6ms f\u00f6r st\u00f6ld"},"content":{"rendered":"<p>Den franska skidskyttestj\u00e4rnan Julia Simon d\u00f6ms till tre m\u00e5naders villkorligt f\u00e4ngelsestraff f\u00f6r st\u00f6ld och bedr\u00e4geri, rapporterar franska medier.<\/p>\n<p>2022 polisanm\u00e4ldes hon av sin landslagskamrat Justine Braisaz-Bouchet f\u00f6r att ha stulit och anv\u00e4nt hennes kontokort. Simon ska ha k\u00f6pt saker f\u00f6r tiotusentals kronor. <\/p>\n<p>\u2013 Jag k\u00e4nner mig som om jag befinner mig i ett svart h\u00e5l, s\u00e4ger hon under fredagens r\u00e4tteg\u00e5ng enligt flera medier. <\/p>\n<p>Efter att l\u00e4nge ha h\u00e4vdat sin oskuld erk\u00e4nde Simon sina brott under fredagen. <\/p>\n<p>Omni \u00e4r politiskt obundna och oberoende. Vi str\u00e4var efter att ge fler perspektiv p\u00e5 nyheterna. Har du fr\u00e5gor eller synpunkter kring v\u00e5r rapportering? <a href=\"https:\/\/omni.se\/skidskyttestjarnan-julia-simon-doms-for-stold\/a\/mailto:redaktion@omni.se\" class=\"ArticleActions_contactLink__W2F1M\" rel=\"nofollow noopener\" target=\"_blank\">Kontakta redaktionen<\/a><\/p>\n","protected":false},"excerpt":{"rendered":"Den franska skidskyttestj\u00e4rnan Julia Simon d\u00f6ms till tre m\u00e5naders villkorligt f\u00e4ngelsestraff f\u00f6r st\u00f6ld och bedr\u00e4geri, rapporterar franska medier.&hellip;\n","protected":false},"author":2,"featured_media":63514,"comment_status":"","ping_status":"","sticky":false,"template":"","format":"standard","meta":{"footnotes":""},"categories":[68],"tags":[34,3420,111,110,31,33,32,30],"class_list":{"0":"post-63513","1":"post","2":"type-post","3":"status-publish","4":"format-standard","5":"has-post-thumbnail","7":"category-sport","8":"tag-se","9":"tag-skidskytte","10":"tag-sport","11":"tag-sports","12":"tag-svenska","13":"tag-sverige","14":"tag-sweden","15":"tag-swedish"},"share_on_mastodon":{"url":"https:\/\/pubeurope.com\/@se\/115430066953371315","error":""},"_links":{"self":[{"href":"https:\/\/www.europesays.com\/se\/wp-json\/wp\/v2\/posts\/63513","targetHints":{"allow":["GET"]}}],"collection":[{"href":"https:\/\/www.europesays.com\/se\/wp-json\/wp\/v2\/posts"}],"about":[{"href":"https:\/\/www.europesays.com\/se\/wp-json\/wp\/v2\/types\/post"}],"author":[{"embeddable":true,"href":"https:\/\/www.europesays.com\/se\/wp-json\/wp\/v2\/users\/2"}],"replies":[{"embeddable":true,"href":"https:\/\/www.europesays.com\/se\/wp-json\/wp\/v2\/comments?post=63513"}],"version-history":[{"count":0,"href":"https:\/\/www.europesays.com\/se\/wp-json\/wp\/v2\/posts\/63513\/revisions"}],"wp:featuredmedia":[{"embeddable":true,"href":"https:\/\/www.europesays.com\/se\/wp-json\/wp\/v2\/media\/63514"}],"wp:attachment":[{"href":"https:\/\/www.europesays.com\/se\/wp-json\/wp\/v2\/media?parent=63513"}],"wp:term":[{"taxonomy":"category","embeddable":true,"href":"https:\/\/www.europesays.com\/se\/wp-json\/wp\/v2\/categories?post=63513"},{"taxonomy":"post_tag","embeddable":true,"href":"https:\/\/www.europesays.com\/se\/wp-json\/wp\/v2\/tags?post=63513"}],"curies":[{"name":"wp","href":"https:\/\/api.w.org\/{rel}","templated":true}]}}