{"id":63519,"date":"2025-10-24T16:30:08","date_gmt":"2025-10-24T16:30:08","guid":{"rendered":"https:\/\/www.europesays.com\/se\/63519\/"},"modified":"2025-10-24T16:30:08","modified_gmt":"2025-10-24T16:30:08","slug":"skelleftea-svarar-om-forwardens-framtid-rykten-hor-till","status":"publish","type":"post","link":"https:\/\/www.europesays.com\/se\/63519\/","title":{"rendered":"Skellefte\u00e5 svarar om forwardens framtid: &#8221;Rykten h\u00f6r till&#8221;"},"content":{"rendered":"<p><strong>Victor Laz har f\u00e5tt begr\u00e4nsat med speltid i <a href=\"https:\/\/hockeysverige.se\/klubb\/skelleftea-aik\" rel=\"nofollow noopener\" target=\"_blank\">Skellefte\u00e5<\/a> och andra klubbar ryktas visa intresse f\u00f6r forwarden.<br \/>Nu svarar klubbens GM Erik Forssell om situationen. <br \/>\u2013 Han tillh\u00f6r oss och l\u00e4gger ner all sin kraft f\u00f6r att f\u00e5 speltid, s\u00e4ger Forssell till <a href=\"https:\/\/www.norran.se\/sport\/ishockey\/artikel\/klubbar-uppges-jaga-aik-forwarden-gor-allt-for-att-ta-plats\/r51o6d1j\" rel=\"nofollow noopener\" target=\"_blank\">Norran<\/a>. <\/strong><\/p>\n<p><img loading=\"lazy\" decoding=\"async\" width=\"1024\" height=\"658\" src=\"https:\/\/www.europesays.com\/se\/wp-content\/uploads\/2025\/10\/Laz-Forssell-1024x658.webp.webp\" alt=\"Victor Laz. Erik Forsell.\" class=\"wp-image-317553\"  \/>Erik Forssell menar att Victor Laz inte \u00e4r p\u00e5 v\u00e4g bort fr\u00e5n Skellefte\u00e5. <strong>Foto: <\/strong>Bildbyr\u00e5n (Montage)<\/p>\n<p>Efter att ha imponerat stort i <a href=\"https:\/\/hockeysverige.se\/klubb\/kalmar-hc\" rel=\"nofollow noopener\" target=\"_blank\">Kalmar<\/a> f\u00f6rra s\u00e4songen fick Victor Laz ett <a href=\"https:\/\/hockeysverige.se\/shl\" rel=\"nofollow noopener\" target=\"_blank\">SHL<\/a>-kontrakt med Skellefte\u00e5 AIK inf\u00f6r \u00e5rets s\u00e4song. Det har d\u00e4remot inte blivit mycket spel f\u00f6r 29-\u00e5ringen i V\u00e4sterbotten. <\/p>\n<p><a href=\"https:\/\/hockeysverige.se\/shl\/victor-laz-resan-till-shl-skelleftea-aik\/\" rel=\"nofollow noopener\" target=\"_blank\"><strong>L\u00c4S \u00c4VEN: Victor Laz blev heltidsproffs \u2013 som 28-\u00e5ring<\/strong><\/a><\/p>\n<p>Forwarden har haft sv\u00e5rt att ta plats i Skellefte\u00e5s lag under h\u00f6sten. Han har endast f\u00e5tt spela i sju av lagets 14 matcher s\u00e5 h\u00e4r l\u00e5ngt. N\u00e4r Laz v\u00e4l har f\u00e5tt spela har han d\u00e4remot endast f\u00e5tt n\u00e5gra enstaka minuters istid. Som mest har han spelat 6:03 minuter under en match med Skellefte\u00e5. <\/p>\n<p>Eftersom att Victor Laz har varit utanf\u00f6r laget och f\u00e5tt begr\u00e4nsad istid har det lett till spekulationer om forwardens framtid. Enligt uppgifter ska \u00e4ven andra klubbar ha visat intresse f\u00f6r Laz ifall Skellefte\u00e5 v\u00e4ljer att sl\u00e4ppa honom. Klubbens general manager Erik Forssell svarar nu om situationen. <\/p>\n<p>\u2013 Jag har sj\u00e4lv inte l\u00e4st n\u00e5t om uppgifterna. Men det kan givetvis bli s\u00e5 n\u00e4r en spelare inte spelar s\u00e5 mycket. Att det uppst\u00e5r rykten. Det h\u00f6r till. Men han (Laz) tillh\u00f6r oss och l\u00e4gger ner all sin kraft f\u00f6r att f\u00e5 speltid, s\u00e4ger Forssell till Norran. <\/p>\n<p>Enligt Erik Forssell \u00e4r det i nul\u00e4get inte aktuellt f\u00f6r Skellefte\u00e5 att sl\u00e4ppa Victor Laz. Han \u00e4r allts\u00e5 just nu inte p\u00e5 v\u00e4g bort fr\u00e5n klubben. <\/p>\n<p>\u2013 Vi k\u00f6r tillsammans och han \u00e4r som sagt inst\u00e4lld p\u00e5 att vara h\u00e4r och g\u00f6ra allt f\u00f6r att ta en plats, s\u00e4ger han. <\/p>\n<p>Victor Laz spelade i <a href=\"https:\/\/hockeysverige.se\/klubb\/rogle-bk\" rel=\"nofollow noopener\" target=\"_blank\">R\u00f6gle<\/a> som junior men han fick bara spela i en enda SHL-match f\u00f6r klubben, en match d\u00e4r han dock stod f\u00f6r 1+1. Efter \u00e5tta s\u00e4songer i <a href=\"https:\/\/hockeysverige.se\/hockeyettan\" rel=\"nofollow noopener\" target=\"_blank\">HockeyEttan<\/a> och <a href=\"https:\/\/hockeysverige.se\/hockeyallsvenskan\" rel=\"nofollow noopener\" target=\"_blank\">HockeyAllsvenskan<\/a> \u00e4r han nu tillbaka i SHL. S\u00e5 h\u00e4r l\u00e5ngt har det bara blivit 0+1 p\u00e5 sju matcher f\u00f6r forwarden. F\u00f6rra s\u00e4songen stod Laz f\u00f6r 17 m\u00e5l och 30 po\u00e4ng f\u00f6r Kalmar i HockeyAllsvenskan. <\/p>\n<p> Source: <a href=\"https:\/\/www.eliteprospects.com\/player\/86064\/victor-laz\" target=\"_blank\" rel=\"noopener noreferrer nofollow\">Victor Laz<\/a> @ Elite Prospects<\/p>\n","protected":false},"excerpt":{"rendered":"Victor Laz har f\u00e5tt begr\u00e4nsat med speltid i Skellefte\u00e5 och andra klubbar ryktas visa intresse f\u00f6r forwarden.Nu svarar&hellip;\n","protected":false},"author":2,"featured_media":63520,"comment_status":"","ping_status":"","sticky":false,"template":"","format":"standard","meta":{"footnotes":""},"categories":[68],"tags":[34,133,134,111,110,31,33,32,30],"class_list":{"0":"post-63519","1":"post","2":"type-post","3":"status-publish","4":"format-standard","5":"has-post-thumbnail","7":"category-sport","8":"tag-se","9":"tag-second-news","10":"tag-shl","11":"tag-sport","12":"tag-sports","13":"tag-svenska","14":"tag-sverige","15":"tag-sweden","16":"tag-swedish"},"share_on_mastodon":{"url":"https:\/\/pubeurope.com\/@se\/115430098477675899","error":""},"_links":{"self":[{"href":"https:\/\/www.europesays.com\/se\/wp-json\/wp\/v2\/posts\/63519","targetHints":{"allow":["GET"]}}],"collection":[{"href":"https:\/\/www.europesays.com\/se\/wp-json\/wp\/v2\/posts"}],"about":[{"href":"https:\/\/www.europesays.com\/se\/wp-json\/wp\/v2\/types\/post"}],"author":[{"embeddable":true,"href":"https:\/\/www.europesays.com\/se\/wp-json\/wp\/v2\/users\/2"}],"replies":[{"embeddable":true,"href":"https:\/\/www.europesays.com\/se\/wp-json\/wp\/v2\/comments?post=63519"}],"version-history":[{"count":0,"href":"https:\/\/www.europesays.com\/se\/wp-json\/wp\/v2\/posts\/63519\/revisions"}],"wp:featuredmedia":[{"embeddable":true,"href":"https:\/\/www.europesays.com\/se\/wp-json\/wp\/v2\/media\/63520"}],"wp:attachment":[{"href":"https:\/\/www.europesays.com\/se\/wp-json\/wp\/v2\/media?parent=63519"}],"wp:term":[{"taxonomy":"category","embeddable":true,"href":"https:\/\/www.europesays.com\/se\/wp-json\/wp\/v2\/categories?post=63519"},{"taxonomy":"post_tag","embeddable":true,"href":"https:\/\/www.europesays.com\/se\/wp-json\/wp\/v2\/tags?post=63519"}],"curies":[{"name":"wp","href":"https:\/\/api.w.org\/{rel}","templated":true}]}}