{"id":63613,"date":"2025-10-24T18:39:13","date_gmt":"2025-10-24T18:39:13","guid":{"rendered":"https:\/\/www.europesays.com\/se\/63613\/"},"modified":"2025-10-24T18:39:13","modified_gmt":"2025-10-24T18:39:13","slug":"forskaren-utan-vintertiden-skulle-fler-bli-deprimerade-etc-se","status":"publish","type":"post","link":"https:\/\/www.europesays.com\/se\/63613\/","title":{"rendered":"Forskaren: \u201dUtan vintertiden skulle fler bli deprimerade\u201d &#8211; ETC.se"},"content":{"rendered":"<ol>\n<li><a href=\"https:\/\/news.google.com\/rss\/articles\/CBMiiAFBVV95cUxQSG44VlFjVUlObTd2cjZoXzJYYkVJdTJZbmxTLTJ3UTY4WTNqVGx5SUsxeFF3NGoxdFRTbjFNNTF5cTByMlFBWUZMdWppTXJFUkVwNk5KZ3B5OG9ocGdkakx6UUhTVk81OEM5US1FZU4yWjY2eUhqQklaMHJja0phSFFFRDhZVllM?oc=5\" target=\"_blank\" rel=\"nofollow noopener\">Forskaren: \u201dUtan vintertiden skulle fler bli deprimerade\u201d<\/a>&nbsp;&nbsp;ETC.se<\/li>\n<li><a href=\"https:\/\/news.google.com\/rss\/articles\/CBMiaEFVX3lxTE1md1h4eE01ejc1cm5ycEZtanlYalZlb3E2UUtCZGRNb2s0MUJPMFNVWWNFWV9ObHQ0dTdVU0daT0E4TVNWMTBDQXVFUXY3SEdZb1M0eUhQSmlFQ1FGNm51aXkzT0g0VUVL?oc=5\" target=\"_blank\" rel=\"nofollow noopener\">St\u00e4ll tillbaka klockan<\/a>&nbsp;&nbsp;8 Sidor<\/li>\n<li><a href=\"https:\/\/news.google.com\/rss\/articles\/CBMihgFBVV95cUxQMlJaZFc3NEVobWhBYlNrQWFNYl9ZUFhkVVp5cGtMaHFEVWhFWEdTZGdVdmtBUDNpSkR2dGRYeGF1NkNPYVREZGlmUzh0LWhjNE1BVlI4OGUwLXEyeV84RWVMZExPUldZODhGLVVvZGoxdUUtTEZZMEpoOVBzdm1GeG9Dd2NkZw?oc=5\" target=\"_blank\" rel=\"nofollow noopener\">Stressforskaren: D\u00e4rf\u00f6r b\u00f6r vi alltid ha vintertid<\/a>&nbsp;&nbsp;SvD<\/li>\n<li><a href=\"https:\/\/news.google.com\/rss\/articles\/CBMivgFBVV95cUxORENlMnJJMWMtQjVET3FEQmlJMkhwM1lHOUFEZUVFNEJ4S0dSVlpMaHZYb05XTkx5ZUx1NnNDQm5oLXhsOGpSMGl5TzA3anhkNWV1MlpfY3YyMFRmOGtzQTluQXlrVjJBTklWcldxdHVNdjQzQkFXcjk4M3ZZMlY4V2lnU0dsVzJhNm03aDFHMkpfWExSc0FyTUVhTHNnMXVLbEl4XzR0MmNFblI3R3pZRDBmT0xWRGlQaDlJMXdR?oc=5\" target=\"_blank\" rel=\"nofollow noopener\">Alice Bah Kuhnke (MP) om vintertid: \u201dV\u00e4ldigt lite som talar f\u00f6r det h\u00e4r hattandet\u201d<\/a>&nbsp;&nbsp;SVT Nyheter<\/li>\n<li><a href=\"https:\/\/news.google.com\/rss\/articles\/CBMingFBVV95cUxNazItY2hSTmUxLXpyWDRkZWUwTFNTa00zWnRMdDVrdUQya0lhRUZkME9tQnFoSTNCYUZoT3RHa3ZGcEZiWTVnM1loeXB5ODRqVjdiY1JWUzE3TGMzYzRSUzNwZDVBR1pzMno5WHZUZTBTQWljVnluS3htMURsTlVSUl9WSmdiNHZCd3VmUG4wUnQ4NXNYVTg1ckNielNoZw?oc=5\" target=\"_blank\" rel=\"nofollow noopener\">\u00c5ter dags att st\u00e4lla om klockan \u2013 trots sex \u00e5r gammalt EU-beslut &#8211; P4 V\u00e4rmland<\/a>&nbsp;&nbsp;Sveriges Radio<\/li>\n<\/ol>\n","protected":false},"excerpt":{"rendered":"Forskaren: \u201dUtan vintertiden skulle fler bli deprimerade\u201d&nbsp;&nbsp;ETC.se St\u00e4ll tillbaka klockan&nbsp;&nbsp;8 Sidor Stressforskaren: D\u00e4rf\u00f6r b\u00f6r vi alltid ha vintertid&nbsp;&nbsp;SvD&hellip;\n","protected":false},"author":2,"featured_media":63614,"comment_status":"","ping_status":"","sticky":false,"template":"","format":"standard","meta":{"footnotes":""},"categories":[5],"tags":[22,23,26,27,17,21,24,25,28,29,15,16,18,34,31,33,32,30,19,20],"class_list":{"0":"post-63613","1":"post","2":"type-post","3":"status-publish","4":"format-standard","5":"has-post-thumbnail","7":"category-rubriker","8":"tag-breaking-news","9":"tag-breakingnews","10":"tag-featured-news","11":"tag-featurednews","12":"tag-headlines","13":"tag-huvudnyheter","14":"tag-latest-news","15":"tag-latestnews","16":"tag-main-news","17":"tag-mainnews","18":"tag-news","19":"tag-nyheter","20":"tag-rubriker","21":"tag-se","22":"tag-svenska","23":"tag-sverige","24":"tag-sweden","25":"tag-swedish","26":"tag-top-stories","27":"tag-topstories"},"share_on_mastodon":{"url":"https:\/\/pubeurope.com\/@se\/115430605631881450","error":""},"_links":{"self":[{"href":"https:\/\/www.europesays.com\/se\/wp-json\/wp\/v2\/posts\/63613","targetHints":{"allow":["GET"]}}],"collection":[{"href":"https:\/\/www.europesays.com\/se\/wp-json\/wp\/v2\/posts"}],"about":[{"href":"https:\/\/www.europesays.com\/se\/wp-json\/wp\/v2\/types\/post"}],"author":[{"embeddable":true,"href":"https:\/\/www.europesays.com\/se\/wp-json\/wp\/v2\/users\/2"}],"replies":[{"embeddable":true,"href":"https:\/\/www.europesays.com\/se\/wp-json\/wp\/v2\/comments?post=63613"}],"version-history":[{"count":0,"href":"https:\/\/www.europesays.com\/se\/wp-json\/wp\/v2\/posts\/63613\/revisions"}],"wp:featuredmedia":[{"embeddable":true,"href":"https:\/\/www.europesays.com\/se\/wp-json\/wp\/v2\/media\/63614"}],"wp:attachment":[{"href":"https:\/\/www.europesays.com\/se\/wp-json\/wp\/v2\/media?parent=63613"}],"wp:term":[{"taxonomy":"category","embeddable":true,"href":"https:\/\/www.europesays.com\/se\/wp-json\/wp\/v2\/categories?post=63613"},{"taxonomy":"post_tag","embeddable":true,"href":"https:\/\/www.europesays.com\/se\/wp-json\/wp\/v2\/tags?post=63613"}],"curies":[{"name":"wp","href":"https:\/\/api.w.org\/{rel}","templated":true}]}}