{"id":63615,"date":"2025-10-24T18:44:07","date_gmt":"2025-10-24T18:44:07","guid":{"rendered":"https:\/\/www.europesays.com\/se\/63615\/"},"modified":"2025-10-24T18:44:07","modified_gmt":"2025-10-24T18:44:07","slug":"forskingrade-18-miljoner-fran-solna-till-mick-jagger","status":"publish","type":"post","link":"https:\/\/www.europesays.com\/se\/63615\/","title":{"rendered":"F\u00f6rskingrade 18 miljoner fr\u00e5n Solna till \u201dMick Jagger\u201d"},"content":{"rendered":"<p>En tidigare anst\u00e4lld p\u00e5 Solna stad \u00e5talas f\u00f6r att ha f\u00f6rskingrat \u00f6ver 18 miljoner kronor. Kommunens pengar skulle ha g\u00e5tt till n\u00e5gon som utgett sig f\u00f6r att vara s\u00e5ngaren Mick Jagger via sociala medier, uppgav kvinnan i f\u00f6rh\u00f6r enligt SVT.<\/p>\n<p>Det var i b\u00f6rjan av 2018 som kvinnan kontaktades i det misst\u00e4nkta romansbedr\u00e4geriet och pengarna f\u00f6rdes \u00f6ver under flera \u00e5r tills kollegor konfronterade henne.<\/p>\n<p>\u2013 Jag sk\u00e4ms ju n\u00e5got otroligt men jag k\u00e4nde att det blev en relation, jag var r\u00e4dd f\u00f6r att relationen skulle upph\u00f6ra och tog dessa dumma beslut, sa kvinnan i f\u00f6rh\u00f6r som SVT tagit del av.<\/p>\n<p>Hon \u00e5talas f\u00f6r grov trol\u00f6shet mot huvudman. Kvinnan sj\u00e4lv har uppr\u00e4ttat en bedr\u00e4gerianm\u00e4lan som lagts ner d\u00e5 ingen g\u00e4rningsperson har kunnat hittas.<\/p>\n<p>Omni \u00e4r politiskt obundna och oberoende. Vi str\u00e4var efter att ge fler perspektiv p\u00e5 nyheterna. Har du fr\u00e5gor eller synpunkter kring v\u00e5r rapportering? <a href=\"https:\/\/omni.se\/forskingrade-18-miljoner-fran-kommunen-till-mick-jagger\/a\/mailto:redaktion@omni.se\" class=\"ArticleActions_contactLink__W2F1M\" rel=\"nofollow noopener\" target=\"_blank\">Kontakta redaktionen<\/a><\/p>\n","protected":false},"excerpt":{"rendered":"En tidigare anst\u00e4lld p\u00e5 Solna stad \u00e5talas f\u00f6r att ha f\u00f6rskingrat \u00f6ver 18 miljoner kronor. Kommunens pengar skulle&hellip;\n","protected":false},"author":2,"featured_media":63616,"comment_status":"","ping_status":"","sticky":false,"template":"","format":"standard","meta":{"footnotes":""},"categories":[65],"tags":[72,70,71,120,5904,34,2886,31,33,32,30],"class_list":{"0":"post-63615","1":"post","2":"type-post","3":"status-publish","4":"format-standard","5":"has-post-thumbnail","7":"category-ekonomi","8":"tag-business","9":"tag-economy","10":"tag-ekonomi","11":"tag-lag-ratt","12":"tag-mick-jagger","13":"tag-se","14":"tag-solna","15":"tag-svenska","16":"tag-sverige","17":"tag-sweden","18":"tag-swedish"},"share_on_mastodon":{"url":"https:\/\/pubeurope.com\/@se\/115430625306686183","error":""},"_links":{"self":[{"href":"https:\/\/www.europesays.com\/se\/wp-json\/wp\/v2\/posts\/63615","targetHints":{"allow":["GET"]}}],"collection":[{"href":"https:\/\/www.europesays.com\/se\/wp-json\/wp\/v2\/posts"}],"about":[{"href":"https:\/\/www.europesays.com\/se\/wp-json\/wp\/v2\/types\/post"}],"author":[{"embeddable":true,"href":"https:\/\/www.europesays.com\/se\/wp-json\/wp\/v2\/users\/2"}],"replies":[{"embeddable":true,"href":"https:\/\/www.europesays.com\/se\/wp-json\/wp\/v2\/comments?post=63615"}],"version-history":[{"count":0,"href":"https:\/\/www.europesays.com\/se\/wp-json\/wp\/v2\/posts\/63615\/revisions"}],"wp:featuredmedia":[{"embeddable":true,"href":"https:\/\/www.europesays.com\/se\/wp-json\/wp\/v2\/media\/63616"}],"wp:attachment":[{"href":"https:\/\/www.europesays.com\/se\/wp-json\/wp\/v2\/media?parent=63615"}],"wp:term":[{"taxonomy":"category","embeddable":true,"href":"https:\/\/www.europesays.com\/se\/wp-json\/wp\/v2\/categories?post=63615"},{"taxonomy":"post_tag","embeddable":true,"href":"https:\/\/www.europesays.com\/se\/wp-json\/wp\/v2\/tags?post=63615"}],"curies":[{"name":"wp","href":"https:\/\/api.w.org\/{rel}","templated":true}]}}