{"id":63617,"date":"2025-10-24T18:46:12","date_gmt":"2025-10-24T18:46:12","guid":{"rendered":"https:\/\/www.europesays.com\/se\/63617\/"},"modified":"2025-10-24T18:46:12","modified_gmt":"2025-10-24T18:46:12","slug":"marcus-27-at-fyra-pannbiffar-pa-buffe-blev-utskalld","status":"publish","type":"post","link":"https:\/\/www.europesays.com\/se\/63617\/","title":{"rendered":"Marcus, 27, \u00e5t fyra pannbiffar p\u00e5 buff\u00e9 \u2013 blev utsk\u00e4lld"},"content":{"rendered":"<p>Publicerad 23 okt 2025 kl 20.15Uppdaterad 24 okt kl 13.08<\/p>\n<p><img   alt=\"\"\/><\/p>\n<p>H\u00e4r \u00e4r Marcus Vadeby p\u00e5 en annan restaurang \u2013 d\u00e4r han \u00e4ter pannbiff p\u00e5 nytt.<\/p>\n<p>Foto: Privat<\/p>\n<p>\u00d6ppna bild i helsk\u00e4rm<img loading=\"lazy\"   alt=\"\"\/><\/p>\n<p>\u201dVarf\u00f6r det har blivit s\u00e5 stort, det undrar jag\u201d, s\u00e4ger Marcus Vadeby om uppm\u00e4rksamheten. Han har f\u00e5tt en del hat, men han s\u00e4ger att han tar det med ro.<\/p>\n<p>Foto: Privat<\/p>\n<p>\u00d6ppna bild i helsk\u00e4rm<img loading=\"lazy\"   alt=\"\"\/><\/p>\n<p>Maten p\u00e5 Commat, som \u00e4garen enligt Marcus Vadeby hade r\u00e5koll p\u00e5.<\/p>\n<p>Foto: Privat<\/p>\n<p>\u00d6ppna bild i helsk\u00e4rm<\/p>\n<p>Det var en dag i b\u00f6rjan av oktober som Marcus Vadeby, 27, fr\u00e5n Katrineholm bes\u00f6kte restaurangen Commats lunchbuff\u00e9 tillsammans med en kompis, vilket <a href=\"https:\/\/www.kkuriren.se\/nyheter\/katrineholm\/artikel\/marcus-at-fyra-biffar-pa-buffen-blev-uppringd-av-restaurangen\/jp23k70r\" rel=\"nofollow noopener\" target=\"_blank\">Katrineholms-Kuriren<\/a> var f\u00f6rst med att rapportera om.<\/p>\n<p>P\u00e5 menyn stod pannbiff och potatismos.<\/p>\n<p>27-\u00e5ringen ber\u00e4ttar att han tog f\u00f6r sig av buff\u00e9n och \u00e5t upp allt, m\u00f6jligtvis undantaget lite s\u00e5s. Men han var missn\u00f6jd med bem\u00f6tandet p\u00e5 restaurangen \u2013 vilket han har blivit \u00e4ven tidigare.<\/p>\n<p>Skrev d\u00e5lig recension<\/p>\n<p>\u2013 Man blir utstirrad. De ser att \u201dh\u00e4r kommer en f\u00f6rlustaff\u00e4r och g\u00e5r in\u201d, ber\u00e4ttar Marcus Vadeby.<\/p>\n<p>Denna g\u00e5ng k\u00e4nde han att en ur personalen, som han identifierade som \u00e4garen, \u201dinspekterade allt\u201d han gjorde. D\u00e4rf\u00f6r skrev han en d\u00e5lig recension p\u00e5 restaurangens Facebooksida.<\/p>\n<p>\u2013 D\u00e4r kommer ju mitt namn upp och p\u00e5 s\u00e5 s\u00e4tt har han hittat mig. S\u00e5 han ringde upp mig och f\u00f6rklarade att jag hade tagit fyra pannbiffar. Han sa att det inte \u00e4r normalt att \u00e4ta s\u00e5 m\u00e5nga, att s\u00e5dana som jag inte \u00e4r l\u00f6nsamma kunder och att det i buff\u00e9lagen st\u00e5r att man bara f\u00e5r ta tv\u00e5 stycken.<\/p>\n<p>Inte l\u00f6nsamt p\u00e5 alla kunder<\/p>\n<p>Vad det \u00e4r f\u00f6r lag restaurangen ska ha h\u00e4nvisat till vet inte Marcus Vadeby, som \u00e4r \u00f6vertygad om att han inte har gjort n\u00e5got fel. Han s\u00e4ger att det inte stod n\u00e5gra instruktioner intill buff\u00e9n om hur mycket man fick ta, och att han \u2013 med sina 195 centimeter och 140 kilo \u2013 visserligen \u00e4ter \u201dmer \u00e4n vad normen g\u00f6r men inte \u00f6verdrivet mycket\u201d.<\/p>\n<p>\u2013 Inte p\u00e5 matkoma-niv\u00e5, s\u00e4ger 27-\u00e5ringen.<\/p>\n<p>Han anser att samtalet, som enligt honom slutade med att \u00e4garen skrek \u00e5t honom, var \u201dfruktansv\u00e4rt d\u00e5lig stil\u201d.<\/p>\n<p>\u2013 Jag hade ju betalat f\u00f6r mig. Man f\u00e5r v\u00e4l r\u00e4kna med att buff\u00e9n inte l\u00f6nar sig p\u00e5 vissa personer, medan den p\u00e5 personer som inte \u00e4ter s\u00e4rskilt mycket kan bli en j\u00e4ttevinst. Det f\u00e5r man sl\u00e5 ut p\u00e5 dagskassan och inte r\u00e4kna p\u00e5 en enskild person.<\/p>\n<p>Debatt om buff\u00e9<\/p>\n<p>Efter h\u00e4ndelsen har Marcus Vadeby medverkat i flera medier, och h\u00e4ndelsen har skapat debatt om hur mycket man egentligen f\u00e5r ta p\u00e5 en buff\u00e9. I <a href=\"https:\/\/www.tv4.se\/artikel\/2jeK14sxmGNXPvg4MKkAEx\/fyra-biffar-foer-mycket-buffebraket-som-delar-sverig\" rel=\"nofollow noopener\" target=\"_blank\">TV4:s Nyhetsmorgon<\/a> s\u00e4ger till exempel vett- och etikettexperten Mats Danielsson att man f\u00e5r \u00e4ta hur mycket man vill och orkar:<\/p>\n<p>Annons<\/p>\n<p>\u2013 En buff\u00e9 \u00e4r en buff\u00e9. Har man inte satt en gr\u00e4ns i f\u00f6rv\u00e4g, \u00e4r det fritt fram.<\/p>\n<p>Restaurangens svar: Handlar om matsvinn<\/p>\n<p>Expressen har s\u00f6kt Commats \u00e4gare, som inte har \u00e5terkommit. P\u00e5 Facebook har restaurangen skrivit att man inte kommenterar enskilda fall men att det cirkulerar \u201dmycket rykten, p\u00e5st\u00e5enden och rena hittip\u00e5\u201d.<\/p>\n<p>\u201dSpontant k\u00e4nns allt v\u00e4ldigt missvisande d\u00e5 dialogen faktiskt endast fr\u00e5n v\u00e5r sida handlat om att vi i tider som dessa inte vill se mat f\u00f6rsvinna i sopor\u201d, st\u00e5r det i inl\u00e4gget (l\u00e4s det i sin helhet nedan, reds anm).<\/p>\n<p>I <a href=\"https:\/\/www.expressen.se\/tagg\/location\/katrineholm\/\" class=\"\" rel=\"nofollow noopener\" target=\"_blank\">Katrineholms<\/a>-Kuriren f\u00f6rnekar Commat att de h\u00e4nvisat till \u201dbuff\u00e9lagen\u201d. \u00c4garen och k\u00f6kschefen s\u00e4ger att folk f\u00e5r \u00e4ta hur mycket de vill, men att man fr\u00e5n restaurangens sida k\u00e4mpar med att minska matsvinnet \u2013 och att Marcus Vadeby upprepade g\u00e5nger kastat mat.<\/p>\n<p>N\u00e5got 27-\u00e5ringen menar inte st\u00e4mmer.<\/p>\n<p>Restaurangens svar<\/p>\n<p>S\u00e5 h\u00e4r skriver Commat i sin helhet p\u00e5 Facebook:<\/p>\n<p>\u201dJust nu cirkulerar det mycket rykten, p\u00e5st\u00e5enden och rena hittip\u00e5 p\u00e5 sociala medier.<\/p>\n<p>Vi har som policy att aldrig kommentera enskilda fall och g\u00f6r i detta fall inga undantag.<\/p>\n<p>Spontant k\u00e4nns allt v\u00e4ldigt missvisande d\u00e5 dialogen faktiskt endast fr\u00e5n v\u00e5r sida handlat om att vi i tider som dessa inte vill se mat f\u00f6rsvinna i sopor.<\/p>\n<p>D\u00e5 en av v\u00e5ra anst\u00e4llda \u00e4r personlig v\u00e4n med en av dom ber\u00f6rda s\u00e5 ringde hon upp f\u00f6r att vi ville se vad som l\u00e5g till grund f\u00f6r dom negativa kommentarer p\u00e5 Facebook. det fanns p\u00e5 intet s\u00e4tt intentioner att p\u00e5 n\u00e5got s\u00e4tt misskreditera personen i fr\u00e5ga.<\/p>\n<p>Fr\u00e5gest\u00e4llningen handlade om ett upprepat m\u00f6nster som vi ville lyfta. Sen \u00e4r vi dom f\u00f6rsta att erk\u00e4nna att samtalet kanske tog en v\u00e4ndning som ingen \u00e4r n\u00f6jd med och sj\u00e4lvklart har vi bett om urs\u00e4kt om n\u00e5gon upplevt sitt livs v\u00e4rsta kr\u00e4nkning.<\/p>\n<p>Valet att st\u00e4lla upp och prata med katrineholmskuriren handlade om att faktiskt visa att visa v\u00e5r v\u00e4lvilja i situationen och att vi faktiskt inte undviker \u00e4mnet.<\/p>\n<p>F\u00f6r att klarg\u00f6ra det vi \u00e4ven kommunicerade med Kuriren, \u00e4t hur mycket du vill, av allt, vi har en buff\u00e9! Vi \u00e4r stolta \u00f6ver slickade tallrikar och perfekt fisk och allt vi kommunicerar \u00e4r undvik att kasta mat. Inget annat!<\/p>\n<p>Att vi klarg\u00f6r detta betyder INTE att det \u00e4r ok med hot, nattliga samtal, personliga hot p\u00e5 privata mail och sociala medier p\u00e5 grund av missf\u00f6rst\u00e5dda pannbiffar.<\/p>\n<p>Detta \u00e4r inte p\u00e5 n\u00e5gotvis acceptabelt.<\/p>\n<p>Vi v\u00e4lkomnar sj\u00e4lvklart alla att komma och prova v\u00e5ra numera ber\u00f6mda pannbiffar.<\/p>\n<p>Vi g\u00f6r dom p\u00e5 ren n\u00f6tf\u00e4rs, laktosfri mj\u00f6lk, stekt l\u00f6k, salt, vitpeppar, soja, sen v\u00e4nder vi dom f\u00f6rsiktigt i str\u00f6br\u00f6d och serverar med en h\u00e4rlig gr\u00e4dds\u00e5s. Vikten \u00e4r 200gr efter l\u00e5ngsam stekning i sm\u00f6r.\u00a0<\/p>\n<p>S\u00e5 kom och \u00e4t och se hur m\u00e5nga du orkar!\u201d<\/p>\n<p>Visa mer<img alt=\"\"\/>Ljudklippet gick inte att spela upp<\/p>\n<p>F\u00f6rs\u00f6k igen senare<\/p>\n","protected":false},"excerpt":{"rendered":"Publicerad 23 okt 2025 kl 20.15Uppdaterad 24 okt kl 13.08 H\u00e4r \u00e4r Marcus Vadeby p\u00e5 en annan restaurang&hellip;\n","protected":false},"author":2,"featured_media":63618,"comment_status":"","ping_status":"","sticky":false,"template":"","format":"standard","meta":{"footnotes":""},"categories":[12],"tags":[22,23,26,27,17,21,24,25,2977,28,29,15,16,18,34,154,31,33,32,30,19,145,965,20],"class_list":{"0":"post-63617","1":"post","2":"type-post","3":"status-publish","4":"format-standard","5":"has-post-thumbnail","7":"category-sverige","8":"tag-breaking-news","9":"tag-breakingnews","10":"tag-featured-news","11":"tag-featurednews","12":"tag-headlines","13":"tag-huvudnyheter","14":"tag-latest-news","15":"tag-latestnews","16":"tag-location-katrineholm","17":"tag-main-news","18":"tag-mainnews","19":"tag-news","20":"tag-nyheter","21":"tag-rubriker","22":"tag-se","23":"tag-sections-sverige","24":"tag-svenska","25":"tag-sverige","26":"tag-sweden","27":"tag-swedish","28":"tag-top-stories","29":"tag-topic-mat-dryck","30":"tag-topic-restaurang","31":"tag-topstories"},"share_on_mastodon":{"url":"https:\/\/pubeurope.com\/@se\/115430633392866034","error":""},"_links":{"self":[{"href":"https:\/\/www.europesays.com\/se\/wp-json\/wp\/v2\/posts\/63617","targetHints":{"allow":["GET"]}}],"collection":[{"href":"https:\/\/www.europesays.com\/se\/wp-json\/wp\/v2\/posts"}],"about":[{"href":"https:\/\/www.europesays.com\/se\/wp-json\/wp\/v2\/types\/post"}],"author":[{"embeddable":true,"href":"https:\/\/www.europesays.com\/se\/wp-json\/wp\/v2\/users\/2"}],"replies":[{"embeddable":true,"href":"https:\/\/www.europesays.com\/se\/wp-json\/wp\/v2\/comments?post=63617"}],"version-history":[{"count":0,"href":"https:\/\/www.europesays.com\/se\/wp-json\/wp\/v2\/posts\/63617\/revisions"}],"wp:featuredmedia":[{"embeddable":true,"href":"https:\/\/www.europesays.com\/se\/wp-json\/wp\/v2\/media\/63618"}],"wp:attachment":[{"href":"https:\/\/www.europesays.com\/se\/wp-json\/wp\/v2\/media?parent=63617"}],"wp:term":[{"taxonomy":"category","embeddable":true,"href":"https:\/\/www.europesays.com\/se\/wp-json\/wp\/v2\/categories?post=63617"},{"taxonomy":"post_tag","embeddable":true,"href":"https:\/\/www.europesays.com\/se\/wp-json\/wp\/v2\/tags?post=63617"}],"curies":[{"name":"wp","href":"https:\/\/api.w.org\/{rel}","templated":true}]}}