{"id":63621,"date":"2025-10-24T18:52:10","date_gmt":"2025-10-24T18:52:10","guid":{"rendered":"https:\/\/www.europesays.com\/se\/63621\/"},"modified":"2025-10-24T18:52:10","modified_gmt":"2025-10-24T18:52:10","slug":"ryssland-sanker-rantan-igen","status":"publish","type":"post","link":"https:\/\/www.europesays.com\/se\/63621\/","title":{"rendered":"Ryssland s\u00e4nker r\u00e4ntan igen"},"content":{"rendered":"<p>share-arrowDela<\/p>\n<p>unsaveSpara<\/p>\n<p>expand-left<\/p>\n<p>helsk\u00e4rm<img decoding=\"async\" class=\"image-asset hyperion-css-u06ts1\" data-test-tag=\"image-asset\" src=\"https:\/\/www.europesays.com\/se\/wp-content\/uploads\/2025\/10\/8915ab69-282a-44d9-8f99-df297cc2a977\"  alt=\"R\u00f6da torget i Moskva. Arkivbild.\"  loading=\"eager\" fetchpriority=\"high\" style=\"aspect-ratio:1900 \/ 1267\"\/>R\u00f6da torget i Moskva. Arkivbild. Foto: Pavel Bednjakov\/AP\/TT<\/p>\n<p class=\"hyperion-css-1v9qo5x\">Rysslands centralbank s\u00e4nker r\u00e4ntan med 0,5 procentenheter till 16,50 procent. Ekonomer hade enligt Bloombergs sammanst\u00e4llning f\u00f6rv\u00e4ntat sig en s\u00e4nkning till 16 procent.<\/p>\n<p class=\"hyperion-css-1v9qo5x\">Det blir \u00e5rets fj\u00e4rde r\u00e4ntes\u00e4nkning fr\u00e5n centralbanken. F\u00f6rra h\u00f6sten chockh\u00f6jdes r\u00e4ntan till 21 procent, vilket \u00e4r h\u00f6gre \u00e4n toppen av den ryska r\u00e4nteniv\u00e5n 2022, i samband med att Ryssland inledde sin fullskaliga attack mot Ukraina.<\/p>\n","protected":false},"excerpt":{"rendered":"share-arrowDela unsaveSpara expand-left helsk\u00e4rmR\u00f6da torget i Moskva. Arkivbild. Foto: Pavel Bednjakov\/AP\/TT Rysslands centralbank s\u00e4nker r\u00e4ntan med 0,5 procentenheter&hellip;\n","protected":false},"author":2,"featured_media":63622,"comment_status":"","ping_status":"","sticky":false,"template":"","format":"standard","meta":{"footnotes":""},"categories":[65],"tags":[72,70,71,34,31,33,32,30],"class_list":{"0":"post-63621","1":"post","2":"type-post","3":"status-publish","4":"format-standard","5":"has-post-thumbnail","7":"category-ekonomi","8":"tag-business","9":"tag-economy","10":"tag-ekonomi","11":"tag-se","12":"tag-svenska","13":"tag-sverige","14":"tag-sweden","15":"tag-swedish"},"share_on_mastodon":{"url":"https:\/\/pubeurope.com\/@se\/115430656821712185","error":""},"_links":{"self":[{"href":"https:\/\/www.europesays.com\/se\/wp-json\/wp\/v2\/posts\/63621","targetHints":{"allow":["GET"]}}],"collection":[{"href":"https:\/\/www.europesays.com\/se\/wp-json\/wp\/v2\/posts"}],"about":[{"href":"https:\/\/www.europesays.com\/se\/wp-json\/wp\/v2\/types\/post"}],"author":[{"embeddable":true,"href":"https:\/\/www.europesays.com\/se\/wp-json\/wp\/v2\/users\/2"}],"replies":[{"embeddable":true,"href":"https:\/\/www.europesays.com\/se\/wp-json\/wp\/v2\/comments?post=63621"}],"version-history":[{"count":0,"href":"https:\/\/www.europesays.com\/se\/wp-json\/wp\/v2\/posts\/63621\/revisions"}],"wp:featuredmedia":[{"embeddable":true,"href":"https:\/\/www.europesays.com\/se\/wp-json\/wp\/v2\/media\/63622"}],"wp:attachment":[{"href":"https:\/\/www.europesays.com\/se\/wp-json\/wp\/v2\/media?parent=63621"}],"wp:term":[{"taxonomy":"category","embeddable":true,"href":"https:\/\/www.europesays.com\/se\/wp-json\/wp\/v2\/categories?post=63621"},{"taxonomy":"post_tag","embeddable":true,"href":"https:\/\/www.europesays.com\/se\/wp-json\/wp\/v2\/tags?post=63621"}],"curies":[{"name":"wp","href":"https:\/\/api.w.org\/{rel}","templated":true}]}}