{"id":63625,"date":"2025-10-24T19:00:09","date_gmt":"2025-10-24T19:00:09","guid":{"rendered":"https:\/\/www.europesays.com\/se\/63625\/"},"modified":"2025-10-24T19:00:09","modified_gmt":"2025-10-24T19:00:09","slug":"uppgorelse-sakrar-start-for-ostlig-forbindelse-2","status":"publish","type":"post","link":"https:\/\/www.europesays.com\/se\/63625\/","title":{"rendered":"Uppg\u00f6relse s\u00e4krar start f\u00f6r \u00d6stlig f\u00f6rbindelse"},"content":{"rendered":"<p><strong>Enligt uppgifter \u00e4r en \u00f6verenskommelse mellan regeringen, Stockholms stad, Region Stockholm och flera kommuner nu p\u00e5skriven, vilket l\u00f6ser knuten kring finansieringen av \u00d6stlig f\u00f6rbindelse, men ocks\u00e5 nya tunnelbanan och Sp\u00e5rv\u00e4g syd.<\/strong><\/p>\n<p>\u00d6stlig f\u00f6rbindelse \u00e4r den saknade l\u00e4nken som knyter ihop huvudstadens v\u00e4gn\u00e4t och avlastar trafiken fr\u00e5n nord till syd, en investering som n\u00e4ringslivet l\u00e4nge efterfr\u00e5gat. I Stockholms Handelskammarens senaste m\u00e4tning uppgav \u00e5tta av tio f\u00f6retag i Stockholmsregionen att de vill att projektet blir verklighet.<\/p>\n<p>\u2013 Efter decennier av utredningar och l\u00e5sningar har vi \u00e4ntligen ett avtal p\u00e5 plats. Det h\u00e4r beslutet st\u00e4rker tillv\u00e4xten, f\u00f6rb\u00e4ttrar vardagen f\u00f6r hundratusentals m\u00e4nniskor och \u00e4r ett konkret steg mot ett mer sammanh\u00e5llet Stockholm. Nu g\u00e4ller det att f\u00f6rhandlingen f\u00f6ljs av handling och att bygget kommer ig\u00e5ng. Stockholm har v\u00e4ntat tillr\u00e4ckligt l\u00e4nge, s\u00e4ger Daniella Waldfogel, vd f\u00f6r Stockholms Handelskammare.<\/p>\n<p>\u2013 N\u00e4ringslivet har varit tydligt: fungerande v\u00e4gar och god framkomlighet \u00e4r avg\u00f6rande f\u00f6r tillv\u00e4xt och jobb. Att \u00d6stlig f\u00f6rbindelse nu kan genomf\u00f6ras \u00e4r d\u00e4rf\u00f6r ett stort steg fram\u00e5t. Det \u00e4r nu oerh\u00f6rt viktigt att regeringen tar konkreta steg mot f\u00f6rverkligande redan n\u00e4r regeringen fastst\u00e4ller nationell plan i v\u00e5r, s\u00e4ger Carl Bergkvist, chefekonom p\u00e5 Stockholms Handelskammare.<\/p>\n<p><strong>Bakgrund<\/strong><br \/>Avtalet inneb\u00e4r att den politiska l\u00e5sningen kring \u00d6stlig f\u00f6rbindelse har l\u00f6sts, samtidigt som finansieringen av stora kollektivtrafiksatsningar, inklusive ny tunnelbana och Sp\u00e5rv\u00e4g syd, s\u00e4kras inom ramen f\u00f6r uppg\u00f6relsen.<\/p>\n<p>K\u00e4lla: Stockholms Handelskammare\u00a0<\/p>\n","protected":false},"excerpt":{"rendered":"Enligt uppgifter \u00e4r en \u00f6verenskommelse mellan regeringen, Stockholms stad, Region Stockholm och flera kommuner nu p\u00e5skriven, vilket l\u00f6ser&hellip;\n","protected":false},"author":2,"featured_media":63414,"comment_status":"","ping_status":"","sticky":false,"template":"","format":"standard","meta":{"footnotes":""},"categories":[65],"tags":[72,70,71,34,31,33,32,30],"class_list":{"0":"post-63625","1":"post","2":"type-post","3":"status-publish","4":"format-standard","5":"has-post-thumbnail","7":"category-ekonomi","8":"tag-business","9":"tag-economy","10":"tag-ekonomi","11":"tag-se","12":"tag-svenska","13":"tag-sverige","14":"tag-sweden","15":"tag-swedish"},"share_on_mastodon":{"url":"https:\/\/pubeurope.com\/@se\/115430688367858767","error":""},"_links":{"self":[{"href":"https:\/\/www.europesays.com\/se\/wp-json\/wp\/v2\/posts\/63625","targetHints":{"allow":["GET"]}}],"collection":[{"href":"https:\/\/www.europesays.com\/se\/wp-json\/wp\/v2\/posts"}],"about":[{"href":"https:\/\/www.europesays.com\/se\/wp-json\/wp\/v2\/types\/post"}],"author":[{"embeddable":true,"href":"https:\/\/www.europesays.com\/se\/wp-json\/wp\/v2\/users\/2"}],"replies":[{"embeddable":true,"href":"https:\/\/www.europesays.com\/se\/wp-json\/wp\/v2\/comments?post=63625"}],"version-history":[{"count":0,"href":"https:\/\/www.europesays.com\/se\/wp-json\/wp\/v2\/posts\/63625\/revisions"}],"wp:featuredmedia":[{"embeddable":true,"href":"https:\/\/www.europesays.com\/se\/wp-json\/wp\/v2\/media\/63414"}],"wp:attachment":[{"href":"https:\/\/www.europesays.com\/se\/wp-json\/wp\/v2\/media?parent=63625"}],"wp:term":[{"taxonomy":"category","embeddable":true,"href":"https:\/\/www.europesays.com\/se\/wp-json\/wp\/v2\/categories?post=63625"},{"taxonomy":"post_tag","embeddable":true,"href":"https:\/\/www.europesays.com\/se\/wp-json\/wp\/v2\/tags?post=63625"}],"curies":[{"name":"wp","href":"https:\/\/api.w.org\/{rel}","templated":true}]}}