{"id":63635,"date":"2025-10-24T19:19:19","date_gmt":"2025-10-24T19:19:19","guid":{"rendered":"https:\/\/www.europesays.com\/se\/63635\/"},"modified":"2025-10-24T19:19:19","modified_gmt":"2025-10-24T19:19:19","slug":"pokerbedrageriet-i-new-york-beskrivs-som-en-film-maffian-och-sportstjarnor-gripna","status":"publish","type":"post","link":"https:\/\/www.europesays.com\/se\/63635\/","title":{"rendered":"Pokerbedr\u00e4geriet i New York beskrivs som en film \u2013 maffian och sportstj\u00e4rnor gripna"},"content":{"rendered":"<p>Under torsdagen greps och \u00e5talades 31 personer, runt h\u00e4lften med kopplingar till fyra av New Yorks fem italienska maffiafamiljer. Tv\u00e5 \u00e4r \u00e4ven k\u00e4nda idrottsprofiler i USA. De misst\u00e4nks ha anordnat pokerkv\u00e4llar med rika personer och med hj\u00e4lp av sofistikerad teknik ha bedragit offren p\u00e5 totalt minst sju miljoner dollar, enligt \u00e5talet. K\u00e4nda idrottsm\u00e4n ska ha bjudits in f\u00f6r att locka rika spelare till pokerbordet.<\/p>\n<p>Allt ska ha b\u00f6rjat 2019, enligt \u00e5klagarna, n\u00e4r flera fr\u00e5n den italienska maffian i New York arbetade fram tekniken. Det utvecklade sig snart till veckovisa spelkv\u00e4llar i bland annat New York, Las Vegas och Miami.<\/p>\n","protected":false},"excerpt":{"rendered":"Under torsdagen greps och \u00e5talades 31 personer, runt h\u00e4lften med kopplingar till fyra av New Yorks fem italienska&hellip;\n","protected":false},"author":2,"featured_media":63636,"comment_status":"","ping_status":"","sticky":false,"template":"","format":"standard","meta":{"footnotes":""},"categories":[5],"tags":[22,23,26,27,17,21,24,25,28,29,15,16,18,34,31,33,32,30,19,20],"class_list":{"0":"post-63635","1":"post","2":"type-post","3":"status-publish","4":"format-standard","5":"has-post-thumbnail","7":"category-rubriker","8":"tag-breaking-news","9":"tag-breakingnews","10":"tag-featured-news","11":"tag-featurednews","12":"tag-headlines","13":"tag-huvudnyheter","14":"tag-latest-news","15":"tag-latestnews","16":"tag-main-news","17":"tag-mainnews","18":"tag-news","19":"tag-nyheter","20":"tag-rubriker","21":"tag-se","22":"tag-svenska","23":"tag-sverige","24":"tag-sweden","25":"tag-swedish","26":"tag-top-stories","27":"tag-topstories"},"share_on_mastodon":{"url":"https:\/\/pubeurope.com\/@se\/115430762957738925","error":""},"_links":{"self":[{"href":"https:\/\/www.europesays.com\/se\/wp-json\/wp\/v2\/posts\/63635","targetHints":{"allow":["GET"]}}],"collection":[{"href":"https:\/\/www.europesays.com\/se\/wp-json\/wp\/v2\/posts"}],"about":[{"href":"https:\/\/www.europesays.com\/se\/wp-json\/wp\/v2\/types\/post"}],"author":[{"embeddable":true,"href":"https:\/\/www.europesays.com\/se\/wp-json\/wp\/v2\/users\/2"}],"replies":[{"embeddable":true,"href":"https:\/\/www.europesays.com\/se\/wp-json\/wp\/v2\/comments?post=63635"}],"version-history":[{"count":0,"href":"https:\/\/www.europesays.com\/se\/wp-json\/wp\/v2\/posts\/63635\/revisions"}],"wp:featuredmedia":[{"embeddable":true,"href":"https:\/\/www.europesays.com\/se\/wp-json\/wp\/v2\/media\/63636"}],"wp:attachment":[{"href":"https:\/\/www.europesays.com\/se\/wp-json\/wp\/v2\/media?parent=63635"}],"wp:term":[{"taxonomy":"category","embeddable":true,"href":"https:\/\/www.europesays.com\/se\/wp-json\/wp\/v2\/categories?post=63635"},{"taxonomy":"post_tag","embeddable":true,"href":"https:\/\/www.europesays.com\/se\/wp-json\/wp\/v2\/tags?post=63635"}],"curies":[{"name":"wp","href":"https:\/\/api.w.org\/{rel}","templated":true}]}}