{"id":63666,"date":"2025-10-24T20:19:07","date_gmt":"2025-10-24T20:19:07","guid":{"rendered":"https:\/\/www.europesays.com\/se\/63666\/"},"modified":"2025-10-24T20:19:07","modified_gmt":"2025-10-24T20:19:07","slug":"forandringen-i-pa-sparet-2025-ar-bra-men-aldrig-sarskilt-kul","status":"publish","type":"post","link":"https:\/\/www.europesays.com\/se\/63666\/","title":{"rendered":"F\u00f6r\u00e4ndringen i P\u00e5 sp\u00e5ret 2025 \u00e4r bra men aldrig s\u00e4rskilt kul"},"content":{"rendered":"<p>Mattias Bergqvist<\/p>\n<p>Publicerad 24 okt 2025 kl 22.00<\/p>\n<p>\u201dP\u00e5 sp\u00e5ret\u201d \u00e4r tillbaka.\u00a0<\/p>\n<p>Trots en tydlig f\u00f6r\u00e4ndring i programmet \u00e4r en s\u00f6nderbiten penna det mest sp\u00e4nnande i nypremi\u00e4ren. \u00a0<\/p>\n<p>Detta \u00e4r en kr\u00f6nika. Analys och st\u00e4llningstaganden \u00e4r skribentens.<\/p>\n<p><img   alt=\"\"\/><\/p>\n<p>Hanna Hellquist i \u00e5rets \u201dP\u00e5 sp\u00e5ret\u201d. H\u00e4r biter hon s\u00f6nder en penna.<\/p>\n<p>Foto: SVT<\/p>\n<p>\u00d6ppna bild i helsk\u00e4rm<img loading=\"lazy\"   alt=\"\"\/><\/p>\n<p>Hanna Hellquist t\u00e4vlar med Ina Lundstr\u00f6m i \u201dP\u00e5 sp\u00e5ret\u201d.<\/p>\n<p>Foto: SVT<\/p>\n<p>\u00d6ppna bild i helsk\u00e4rm<img   alt=\"\"\/>Mattias Bergqvist<\/p>\n<p>Nypremi\u00e4ren av \u201d<a href=\"https:\/\/www.expressen.se\/tagg\/organization\/pa-sparet\/\" class=\"\" rel=\"nofollow noopener\" target=\"_blank\">P\u00e5 sp\u00e5ret<\/a>\u201d hettar till f\u00f6rst n\u00e4r Hanna Hellquist biter s\u00f6nder en penna.\u00a0<\/p>\n<p>I ett slags vi-svarade-Foreigner-men-svaret-var-Simply-Red-frustration \u2013 vi kan nog alla k\u00e4nna igen samma sorts irritation \u2013\u00a0tar hon ett bett f\u00f6r att d\u00e4refter spotta ut vad som ser ut att vara den del av pennan som fastnat i hennes mun. \u00a0<\/p>\n<p>Det som sedan h\u00e4nder \u00e4r att pennbitandet f\u00f6rblir okommenterat.\u00a0<\/p>\n<p>Ingen s\u00e4ger n\u00e5got. \u00c5tminstone s\u00e5 som avsnittet \u00e4r klippt.\u00a0<\/p>\n<p>Synd och skam.\u00a0<\/p>\n<p><strong>F\u00f6r Hanna Hellquists pennbitande \u00e4r det mest sp\u00e4nnande som h\u00e4nder i \u201dP\u00e5 sp\u00e5ret\u201d. Det \u00e4r detaljen som varje nyfiken tv-tittare vill veta mer om.\u00a0<\/strong><\/p>\n<p><strong>Men icke sa Nicke, som i det h\u00e4r fallet har efternamnet SVT.\u00a0<\/strong><\/p>\n<p>Hanna Hellquists pennbett \u00e4r ocks\u00e5 ett utm\u00e4rkt exempel p\u00e5 problemet som \u201dP\u00e5 sp\u00e5ret\u201d st\u00e4ndigt m\u00e5ste handskas med.\u00a0<\/p>\n<p>F\u00f6r\u00e4ndring kr\u00e4vs, fast aldrig s\u00e5 mycket f\u00f6r\u00e4ndring att \u201dP\u00e5 sp\u00e5ret\u201d tappar sin m\u00e5ng\u00e5riga trygghet.\u00a0<\/p>\n<p>Saker och ting ska i stort vara s\u00e5 som de alltid har varit. P\u00e5 sin h\u00f6jd f\u00e5r en liten \u00e4ndring h\u00e4r och en minimal \u00e4ndring d\u00e4r plats i varje ny s\u00e4song.\u00a0<\/p>\n<p>En s\u00e5dan f\u00f6r\u00e4ndring finns i programmets 36:e s\u00e4song.\u00a0<\/p>\n<p>Kul och bra s\u00e5 klart, men inte n\u00e4ra nog f\u00f6r att \u201dP\u00e5 sp\u00e5ret\u201d p\u00e5 n\u00e5got s\u00e4tt ska k\u00e4nnas p\u00e5nyttf\u00f6tt, vitalt och sp\u00e4nstigt.\u00a0<\/p>\n<p>Det kanske ocks\u00e5 \u00e4r bra, men aldrig s\u00e4rskilt kul.\u00a0<\/p>\n<p><img loading=\"lazy\"   alt=\"\"\/><\/p>\n<p>Domare Fredrik Lindstr\u00f6m och programledare Kristian Luuk.<\/p>\n<p>Foto: Bo H\u00e5kansson \/ SVT<\/p>\n<p>\u00d6ppna bild i helsk\u00e4rm<img loading=\"lazy\"   alt=\"\"\/><\/p>\n<p>Ina Lundstr\u00f6m och Hanna Hellquist i \u201dP\u00e5 sp\u00e5ret\u201d.<\/p>\n<p>Foto: SVT<\/p>\n<p>\u00d6ppna bild i helsk\u00e4rmF\u00f6r\u00e4ndringen i \u201dP\u00e5 sp\u00e5ret\u201d 2025 i SVT<\/p>\n<p>Det \u00e4r t\u00e4vlingsmomentet N\u00e4rmast vinner som skruvats till.\u00a0<\/p>\n<p>Tre po\u00e4ng st\u00e5r p\u00e5 spel. I st\u00e4llet f\u00f6r en kortare film f\u00e5r deltagarna se ett fotografi. N\u00e4rmast vinner spelas nu i flera ronder. Den bur som f\u00f6rst vinner tre ronder tar hem alla tre po\u00e4ng.\u00a0<\/p>\n<p>Detta g\u00f6r att ett t\u00e4vlingspar snabbare kan n\u00e4rma sig motst\u00e5ndarna vid po\u00e4ngunderl\u00e4ge.\u00a0<\/p>\n<p>\u00c4r po\u00e4ngskillnaden redan stor faller delvis grejen.\u00a0<\/p>\n<p>Att tempot \u00f6kar \u00e4r naturligtvis inte ett problem. Jag gillar att deltagarna inte f\u00e5r \u00f6verdrivet med tid att hitta r\u00e4tt. Tittarens puls f\u00e5r en minimal m\u00f6jlighet att faktiskt \u00f6ka.\u00a0<\/p>\n<p><strong>Jag upplever det \u00e4ven som att Kristian Luuk och Fredrik Lindstr\u00f6m f\u00e5r en liten energiboost av att n\u00e5got nytt h\u00e4nder.\u00a0<\/strong><\/p>\n<p><strong>F\u00f6r hur smart konstruerade alla ledtr\u00e5dar \u00e4n m\u00e5 vara, s\u00e5 \u00e4r det nog roligare att att komma p\u00e5 dem \u00e4n att l\u00e4sa upp dem och lite f\u00f6r fort ber\u00e4tta om tanken bakom. \u00a0<\/strong><\/p>\n<p>Hanna Hellquist och Ina Lundstr\u00f6m tog hem segern i nypremi\u00e4ren av \u201dP\u00e5 sp\u00e5ret\u201d. Ska vi vara \u00e4rliga var det aldrig riktigt en match.\u00a0<\/p>\n<p>D\u00e4rf\u00f6r \u00e4r det h\u00e4rligt att Hellquist bet s\u00f6nder den d\u00e4r stackars pennan trots att hon och Lundstr\u00f6m redan vunnit.\u00a0<\/p>\n<p><strong>\u201dP\u00e5 sp\u00e5ret\u201d beh\u00f6ver den typen av deltagare, t\u00e4vlingsskallar som v\u00e5gar ta av sig delar av programmets \u00e4ldre kostym.\u00a0<\/strong><\/p>\n<p><strong>Tr\u00e5kigt att SVT inte tycks inse det. \u00a0<\/strong><\/p>\n","protected":false},"excerpt":{"rendered":"Mattias Bergqvist Publicerad 24 okt 2025 kl 22.00 \u201dP\u00e5 sp\u00e5ret\u201d \u00e4r tillbaka.\u00a0 Trots en tydlig f\u00f6r\u00e4ndring i programmet&hellip;\n","protected":false},"author":2,"featured_media":63667,"comment_status":"","ping_status":"","sticky":false,"template":"","format":"standard","meta":{"footnotes":""},"categories":[67],"tags":[104,5222,34,305,1572,31,33,32,30,646,105],"class_list":{"0":"post-63666","1":"post","2":"type-post","3":"status-publish","4":"format-standard","5":"has-post-thumbnail","7":"category-underhallning","8":"tag-entertainment","9":"tag-organization-pa-sparet","10":"tag-se","11":"tag-sections-kronikorer","12":"tag-sections-mattiasbergqvist","13":"tag-svenska","14":"tag-sverige","15":"tag-sweden","16":"tag-swedish","17":"tag-topic-tv-serier","18":"tag-underhallning"},"share_on_mastodon":{"url":"https:\/\/pubeurope.com\/@se\/115430998885799502","error":""},"_links":{"self":[{"href":"https:\/\/www.europesays.com\/se\/wp-json\/wp\/v2\/posts\/63666","targetHints":{"allow":["GET"]}}],"collection":[{"href":"https:\/\/www.europesays.com\/se\/wp-json\/wp\/v2\/posts"}],"about":[{"href":"https:\/\/www.europesays.com\/se\/wp-json\/wp\/v2\/types\/post"}],"author":[{"embeddable":true,"href":"https:\/\/www.europesays.com\/se\/wp-json\/wp\/v2\/users\/2"}],"replies":[{"embeddable":true,"href":"https:\/\/www.europesays.com\/se\/wp-json\/wp\/v2\/comments?post=63666"}],"version-history":[{"count":0,"href":"https:\/\/www.europesays.com\/se\/wp-json\/wp\/v2\/posts\/63666\/revisions"}],"wp:featuredmedia":[{"embeddable":true,"href":"https:\/\/www.europesays.com\/se\/wp-json\/wp\/v2\/media\/63667"}],"wp:attachment":[{"href":"https:\/\/www.europesays.com\/se\/wp-json\/wp\/v2\/media?parent=63666"}],"wp:term":[{"taxonomy":"category","embeddable":true,"href":"https:\/\/www.europesays.com\/se\/wp-json\/wp\/v2\/categories?post=63666"},{"taxonomy":"post_tag","embeddable":true,"href":"https:\/\/www.europesays.com\/se\/wp-json\/wp\/v2\/tags?post=63666"}],"curies":[{"name":"wp","href":"https:\/\/api.w.org\/{rel}","templated":true}]}}