{"id":63695,"date":"2025-10-24T21:15:09","date_gmt":"2025-10-24T21:15:09","guid":{"rendered":"https:\/\/www.europesays.com\/se\/63695\/"},"modified":"2025-10-24T21:15:09","modified_gmt":"2025-10-24T21:15:09","slug":"sds-kritik-efter-hamas-uppgifterna-horribelt-expressen","status":"publish","type":"post","link":"https:\/\/www.europesays.com\/se\/63695\/","title":{"rendered":"SD:s kritik efter Hamas-uppgifterna: \u201dHorribelt\u201d &#8211; Expressen"},"content":{"rendered":"<ol>\n<li><a href=\"https:\/\/news.google.com\/rss\/articles\/CBMijwFBVV95cUxPT1hGdzJOeDEwdm1mWHFYcUI3ODdFRlgzZEFoNzhja3lxdEJsekFzTmJjeERDd0plSUxJVGRzaU54WGZNY1lpZV94UzlCRzkzVktpYWlKVmV0NEJhVDlMcFhmVTFycXQwSFk3bUd1ZXgtUERvT1VBQWtwZVBTN3o5djlsQ1doaS13OERXeGdUVQ?oc=5\" target=\"_blank\" rel=\"nofollow noopener\">SD:s kritik efter Hamas-uppgifterna: \u201dHorribelt\u201d<\/a>&nbsp;&nbsp;Expressen<\/li>\n<li><a href=\"https:\/\/news.google.com\/rss\/articles\/CBMiigFBVV95cUxQRXA2aDVuSzRGT2xUd1lYb2JHLUVlVkRiQzYzZ0dmb2pTa0l0VERSZUFTRFZNeVFncjVqbFcybmZiOUd0VEkzRXNKWGwtdXY0blNVSDNDYjZqMXNVeG9QQU80V1BHNTNjRFdFZkl3cDBPdFNFZjRlYXFNVVBqNXVOclBtTFo4dldOamc?oc=5\" target=\"_blank\" rel=\"nofollow noopener\">Svenskt bist\u00e5nd misst\u00e4nks ha g\u00e5tt till Hamas<\/a>&nbsp;&nbsp;Aftonbladet<\/li>\n<li><a href=\"https:\/\/news.google.com\/rss\/articles\/CBMilgFBVV95cUxNSnZEd3ZHZy1DSGhLYnJnNEFheEMwbWJmWTljWXNvb1o2TG5hdnRnM0k3SWtkeVhScE45QTNnNnNDMlVrbEhBYTd3cDNEdngyTUtQcTZBS3Y5OEU0Y3VmYnBqelFVVFIwLS1ueHhoeUxsTU1wcUkwemJ5SjZXSmpnci1Md19TM2R4aGdpOFdfY0xaQ1d1OGc?oc=5\" target=\"_blank\" rel=\"nofollow noopener\">Benjamin Dousa: Bist\u00e5nd gick till organisation n\u00e4ra Hamas<\/a>&nbsp;&nbsp;SVT Nyheter<\/li>\n<li><a href=\"https:\/\/news.google.com\/rss\/articles\/CBMigAFBVV95cUxNVjVJWUNzdHJVc1d5enhUQjUxRVpMeUxPSDRVQjB6X0xCeTZ5aF9sbC1WbFk1cEFKdmhYeWF5dVppbmg4ckxPLXNtRlkwR2YyMmdBR29rVnhpdzlNeGdaNjhNRVJtc1A4VlR5N1lRUC1IM0FMSnZuaWRxTDgzUTd4LQ?oc=5\" target=\"_blank\" rel=\"nofollow noopener\">Dousa: Bist\u00e5nd till grupp n\u00e4ra Hamas<\/a>&nbsp;&nbsp;SvD<\/li>\n<li><a href=\"https:\/\/news.google.com\/rss\/articles\/CBMiXEFVX3lxTE5aVFV2Q1R5dUQwM0pvLU1mZ2dFOUg2M2FscXZXV1h0a2xkVUR3QnRNenludTkxMEdoZzNuZGVzZ1VweXdTdXpfTkpySkc0dW52ZWRqdzdVNThlUXBM?oc=5\" target=\"_blank\" rel=\"nofollow noopener\">Svenska bist\u00e5ndspengar misst\u00e4nks ha g\u00e5tt till Hamas<\/a>&nbsp;&nbsp;TV4 Nyheterna<\/li>\n<\/ol>\n","protected":false},"excerpt":{"rendered":"SD:s kritik efter Hamas-uppgifterna: \u201dHorribelt\u201d&nbsp;&nbsp;Expressen Svenskt bist\u00e5nd misst\u00e4nks ha g\u00e5tt till Hamas&nbsp;&nbsp;Aftonbladet Benjamin Dousa: Bist\u00e5nd gick till organisation&hellip;\n","protected":false},"author":2,"featured_media":63696,"comment_status":"","ping_status":"","sticky":false,"template":"","format":"standard","meta":{"footnotes":""},"categories":[12],"tags":[22,23,26,27,17,21,24,25,28,29,15,16,5911,1304,5910,18,34,583,31,33,32,30,19,5912,20],"class_list":{"0":"post-63695","1":"post","2":"type-post","3":"status-publish","4":"format-standard","5":"has-post-thumbnail","7":"category-sverige","8":"tag-breaking-news","9":"tag-breakingnews","10":"tag-featured-news","11":"tag-featurednews","12":"tag-headlines","13":"tag-huvudnyheter","14":"tag-latest-news","15":"tag-latestnews","16":"tag-main-news","17":"tag-mainnews","18":"tag-news","19":"tag-nyheter","20":"tag-organization-sida","21":"tag-person-benjamin-dousa","22":"tag-person-mattias-karlsson","23":"tag-rubriker","24":"tag-se","25":"tag-sections-politik","26":"tag-svenska","27":"tag-sverige","28":"tag-sweden","29":"tag-swedish","30":"tag-top-stories","31":"tag-topic-bistand","32":"tag-topstories"},"share_on_mastodon":{"url":"https:\/\/pubeurope.com\/@se\/115431219163664755","error":""},"_links":{"self":[{"href":"https:\/\/www.europesays.com\/se\/wp-json\/wp\/v2\/posts\/63695","targetHints":{"allow":["GET"]}}],"collection":[{"href":"https:\/\/www.europesays.com\/se\/wp-json\/wp\/v2\/posts"}],"about":[{"href":"https:\/\/www.europesays.com\/se\/wp-json\/wp\/v2\/types\/post"}],"author":[{"embeddable":true,"href":"https:\/\/www.europesays.com\/se\/wp-json\/wp\/v2\/users\/2"}],"replies":[{"embeddable":true,"href":"https:\/\/www.europesays.com\/se\/wp-json\/wp\/v2\/comments?post=63695"}],"version-history":[{"count":0,"href":"https:\/\/www.europesays.com\/se\/wp-json\/wp\/v2\/posts\/63695\/revisions"}],"wp:featuredmedia":[{"embeddable":true,"href":"https:\/\/www.europesays.com\/se\/wp-json\/wp\/v2\/media\/63696"}],"wp:attachment":[{"href":"https:\/\/www.europesays.com\/se\/wp-json\/wp\/v2\/media?parent=63695"}],"wp:term":[{"taxonomy":"category","embeddable":true,"href":"https:\/\/www.europesays.com\/se\/wp-json\/wp\/v2\/categories?post=63695"},{"taxonomy":"post_tag","embeddable":true,"href":"https:\/\/www.europesays.com\/se\/wp-json\/wp\/v2\/tags?post=63695"}],"curies":[{"name":"wp","href":"https:\/\/api.w.org\/{rel}","templated":true}]}}