{"id":63714,"date":"2025-10-24T22:00:45","date_gmt":"2025-10-24T22:00:45","guid":{"rendered":"https:\/\/www.europesays.com\/se\/63714\/"},"modified":"2025-10-24T22:00:45","modified_gmt":"2025-10-24T22:00:45","slug":"politikrummet-frustration-i-m-sista-chansen","status":"publish","type":"post","link":"https:\/\/www.europesays.com\/se\/63714\/","title":{"rendered":"Politikrummet: Frustration i M: \u201dSista chansen\u201d"},"content":{"rendered":"<p>Publicerad 23 okt 2025 kl 17.42Uppdaterad kl 20.01<\/p>\n<p>Jas Gripen till Ukraina, g\u00e4ngkriminella som utl\u00e4mnas och en liten uppg\u00e5ng i opinionen.<\/p>\n<p>Det gl\u00e4der moderater som nu samlas f\u00f6r arbetsst\u00e4mma \u2013 men det finns orosmoln.<\/p>\n<p>\u2013 Nu \u00e4r det lite sista chansen, s\u00e4ger Expressens politiska kommentator Viktor Barth-Kron i \u201dPolitikrummet\u201d.<\/p>\n<p><img   alt=\"\"\/><\/p>\n<p>Ulf Kristersson gav sig nyligen ut p\u00e5 valturn\u00e9.<\/p>\n<p>Foto: OLLE SPORRONG<\/p>\n<p>\u00d6ppna bild i helsk\u00e4rm<\/p>\n<p><a href=\"https:\/\/www.expressen.se\/tagg\/organization\/moderaterna\/\" class=\"\" rel=\"nofollow noopener\" target=\"_blank\">Moderaterna<\/a> har med sig flera framg\u00e5ngar till st\u00e4mman i V\u00e4ster\u00e5s.<\/p>\n<p>Men \u00e4ven om DN\/Ipsos p\u00e5 torsdagen visade att Tid\u00f6partierna knappar in p\u00e5 oppositionens f\u00f6rspr\u00e5ng \u00e4r opinionsl\u00e4get fortfarande dystert f\u00f6r M.<\/p>\n<p>\u2013 \u00c4ven om man \u00e4r v\u00e4ldigt n\u00f6jd med den politiska inriktningen s\u00e5 finns en frustration att man inte lyckas \u00f6vertyga fler. Man har sp\u00e5tt en v\u00e4ndning m\u00e5nga g\u00e5nger under den h\u00e4r mandatperioden utan att den har materialiserat sig. Nu \u00e4r det lite sista chansen, s\u00e4ger Viktor Barth-Kron.<\/p>\n<p>H\u00f6r ocks\u00e5 om vad som kan bli stridsfr\u00e5gor p\u00e5 st\u00e4mman och vem som verkar ha utsetts till Moderaternas attackhund i extraavsnittet \u201dPolitikrummet\u201d.<\/p>\n<p>I studion: Max V Karlsson, Viktor Barth-Kron och Anette Holmqvist.<\/p>\n<p><img alt=\"\"\/>Ljudklippet gick inte att spela upp<\/p>\n<p>F\u00f6rs\u00f6k igen senare<\/p>\n","protected":false},"excerpt":{"rendered":"Publicerad 23 okt 2025 kl 17.42Uppdaterad kl 20.01 Jas Gripen till Ukraina, g\u00e4ngkriminella som utl\u00e4mnas och en liten&hellip;\n","protected":false},"author":2,"featured_media":63715,"comment_status":"","ping_status":"","sticky":false,"template":"","format":"standard","meta":{"footnotes":""},"categories":[12],"tags":[22,23,26,27,17,21,24,25,28,29,15,16,42,18,34,1968,31,33,32,30,19,152,20],"class_list":{"0":"post-63714","1":"post","2":"type-post","3":"status-publish","4":"format-standard","5":"has-post-thumbnail","7":"category-sverige","8":"tag-breaking-news","9":"tag-breakingnews","10":"tag-featured-news","11":"tag-featurednews","12":"tag-headlines","13":"tag-huvudnyheter","14":"tag-latest-news","15":"tag-latestnews","16":"tag-main-news","17":"tag-mainnews","18":"tag-news","19":"tag-nyheter","20":"tag-organization-moderaterna","21":"tag-rubriker","22":"tag-se","23":"tag-sections-politikrummet","24":"tag-svenska","25":"tag-sverige","26":"tag-sweden","27":"tag-swedish","28":"tag-top-stories","29":"tag-topic-inrikespolitik","30":"tag-topstories"},"share_on_mastodon":{"url":"https:\/\/pubeurope.com\/@se\/115431396116279747","error":""},"_links":{"self":[{"href":"https:\/\/www.europesays.com\/se\/wp-json\/wp\/v2\/posts\/63714","targetHints":{"allow":["GET"]}}],"collection":[{"href":"https:\/\/www.europesays.com\/se\/wp-json\/wp\/v2\/posts"}],"about":[{"href":"https:\/\/www.europesays.com\/se\/wp-json\/wp\/v2\/types\/post"}],"author":[{"embeddable":true,"href":"https:\/\/www.europesays.com\/se\/wp-json\/wp\/v2\/users\/2"}],"replies":[{"embeddable":true,"href":"https:\/\/www.europesays.com\/se\/wp-json\/wp\/v2\/comments?post=63714"}],"version-history":[{"count":0,"href":"https:\/\/www.europesays.com\/se\/wp-json\/wp\/v2\/posts\/63714\/revisions"}],"wp:featuredmedia":[{"embeddable":true,"href":"https:\/\/www.europesays.com\/se\/wp-json\/wp\/v2\/media\/63715"}],"wp:attachment":[{"href":"https:\/\/www.europesays.com\/se\/wp-json\/wp\/v2\/media?parent=63714"}],"wp:term":[{"taxonomy":"category","embeddable":true,"href":"https:\/\/www.europesays.com\/se\/wp-json\/wp\/v2\/categories?post=63714"},{"taxonomy":"post_tag","embeddable":true,"href":"https:\/\/www.europesays.com\/se\/wp-json\/wp\/v2\/tags?post=63714"}],"curies":[{"name":"wp","href":"https:\/\/api.w.org\/{rel}","templated":true}]}}