{"id":63746,"date":"2025-10-24T23:17:25","date_gmt":"2025-10-24T23:17:25","guid":{"rendered":"https:\/\/www.europesays.com\/se\/63746\/"},"modified":"2025-10-24T23:17:25","modified_gmt":"2025-10-24T23:17:25","slug":"fujifilm-x-t30-iii-slapps-med-latt-fujinon-xc-13-33-mm-f-35-63-ois","status":"publish","type":"post","link":"https:\/\/www.europesays.com\/se\/63746\/","title":{"rendered":"Fujifilm X-T30 III sl\u00e4pps med l\u00e4tt Fujinon XC 13-33 mm f\/3,5-6,3 OIS"},"content":{"rendered":"<p>                          Prylnytt<\/p>\n<p class=\"articleingress\">Fujifilm uppdaterar <a href=\"https:\/\/www.fotosidan.se\/prylar\/kameror\/digitala-systemkameror\/fujifilm\/fujifilm-x-t30-ii_29591\" rel=\"nofollow noopener\" target=\"_blank\">X-T30 II<\/a> till X-T30 III. Samtidigt lanseras en ny kitzoom: Fujinon XC 13-33 mm f\/3,5-6,3 OIS.<\/p>\n<p><strong>Uppdateringen fr\u00e5n Mark II till Mark III<\/strong> inneb\u00e4r att\u00a0Fujifilm X-T30 III f\u00e5r samma processor och autofokus som <a href=\"https:\/\/www.fotosidan.se\/prylar\/kameror\/digitala-systemkameror\/fujifilm\/fujifilm-x-m5_29519\" rel=\"nofollow noopener\" target=\"_blank\">Fujifilm X-M5<\/a> och <a href=\"https:\/\/www.fotosidan.se\/prylar\/kameror\/digitala-systemkameror\/fujifilm\/fujifilm-x-t50_29454\" rel=\"nofollow noopener\" target=\"_blank\">X-T50<\/a>. De delar ocks\u00e5 samma sensor p\u00e5 26 megapixel.<\/p>\n<p>I likhet med den dyrare <a href=\"https:\/\/www.fotosidan.se\/prylar\/kameror\/digitala-systemkameror\/fujifilm\/fujifilm-x-e5_29650\" rel=\"nofollow noopener\" target=\"_blank\">Fujifilm X-E5<\/a> och X-T50 f\u00e5r Fujifilm X-T30 III en filmsimuleringsratt. Den ers\u00e4tter ratten f\u00f6r frammatningsl\u00e4gen.<\/p>\n<p>Den mer kraftfulla processorn g\u00f6r att videospecifikationerna kan v\u00e4ssas. Fujifilm X-T30 III klarar 4K\/60p med 1,18 g\u00e5ngers besk\u00e4rning av sensorytan. Det g\u00e5r ocks\u00e5 att filma i 6,2K\/30p.<\/p>\n<p><a href=\"https:\/\/www.europesays.com\/se\/wp-content\/uploads\/2025\/10\/945869.jpg\" rel=\"lightbox\"><img decoding=\"async\" src=\"https:\/\/www.europesays.com\/se\/wp-content\/uploads\/2025\/10\/945869.jpg\" alt=\"\" rel=\"lightbox\" class=\"lightbox\" data-cli=\"DocumentPart-945869\"\/><\/a><\/p>\n<p class=\"picturecaption\">Fujifilm X-T30 III s\u00e4ljs i tre olika f\u00e4rger.<\/p>\n<p><a href=\"https:\/\/www.europesays.com\/se\/wp-content\/uploads\/2025\/10\/945876.jpg\" rel=\"lightbox\"><img decoding=\"async\" src=\"https:\/\/www.europesays.com\/se\/wp-content\/uploads\/2025\/10\/945876.jpg\" alt=\"\" rel=\"lightbox\" class=\"lightbox\" data-cli=\"DocumentPart-945876\"\/><\/a><\/p>\n<p class=\"picturecaption\">Trots inbyggd optisk bildstabilisering v\u00e4ger Fujinon XC 13-33 mm f\/3,5-6,3 OIS bara 125 gram.<\/p>\n<p>Nytt objektiv l\u00e4mpligt f\u00f6r vloggare<\/p>\n<p>Tillsammans med Fujifilm X-T30 III lanseras det nya kitobjektivet Fujinon XC 13-33 mm f\/3,5-6,3 OIS som s\u00e4ljs i paket med kameran.<\/p>\n<p>Objektivet \u00e4r ger ett bildutsnitt som motsvarar 20-50 mm med sm\u00e5bild. Tillsammans med l\u00e5g vikt p\u00e5 125 gram och optisk bildstabilisering g\u00f6r det objektivet l\u00e4mpligt f\u00f6r vloggare som vill filma sig sj\u00e4lv.<\/p>\n<p>Det rekommenderade priset f\u00f6r Fujifilm X-T30 III \u00e4r 11\u00a0499 kronor inklusive moms f\u00f6r kamerahuset och 13\u00a0499 kr i paket med Fujinon XC 13-33 mm f\/3,5-6,3 OIS. S\u00e4ljstart i december 2025.<\/p>\n<p>Objektivet kostar 4 999 kr separat. S\u00e4ljstarten sker f\u00f6rst i januari 2026 eftersom Fujfifilm prioriterar att s\u00e4lja objektivet i paket med Fujifilm X-T30 III.<\/p>\n<p>      \t\t\t<img decoding=\"async\" src=\"https:\/\/www.europesays.com\/se\/wp-content\/uploads\/2025\/08\/f2117752c045dc283223ad728e8d8f03.jpg\" border=\"0\" alt=\"\"\/>\t\t\t\t<\/p>\n<p>Publicerad 2025-10-23. <\/p>\n","protected":false},"excerpt":{"rendered":"Prylnytt Fujifilm uppdaterar X-T30 II till X-T30 III. Samtidigt lanseras en ny kitzoom: Fujinon XC 13-33 mm f\/3,5-6,3&hellip;\n","protected":false},"author":2,"featured_media":63747,"comment_status":"","ping_status":"","sticky":false,"template":"","format":"standard","meta":{"footnotes":""},"categories":[66],"tags":[5918,1786,80,78,79,34,5919,31,33,32,30,5920,81,84,83,82],"class_list":{"0":"post-63746","1":"post","2":"type-post","3":"status-publish","4":"format-standard","5":"has-post-thumbnail","7":"category-vetenskap-och-teknik","8":"tag-aps-c","9":"tag-fujifilm","10":"tag-science","11":"tag-science-and-technology","12":"tag-scienceandtechnology","13":"tag-se","14":"tag-spegelfri","15":"tag-svenska","16":"tag-sverige","17":"tag-sweden","18":"tag-swedish","19":"tag-systemkameror","20":"tag-technology","21":"tag-teknik","22":"tag-vetenskap","23":"tag-vetenskapteknik"},"share_on_mastodon":{"url":"https:\/\/pubeurope.com\/@se\/115431699002364368","error":""},"_links":{"self":[{"href":"https:\/\/www.europesays.com\/se\/wp-json\/wp\/v2\/posts\/63746","targetHints":{"allow":["GET"]}}],"collection":[{"href":"https:\/\/www.europesays.com\/se\/wp-json\/wp\/v2\/posts"}],"about":[{"href":"https:\/\/www.europesays.com\/se\/wp-json\/wp\/v2\/types\/post"}],"author":[{"embeddable":true,"href":"https:\/\/www.europesays.com\/se\/wp-json\/wp\/v2\/users\/2"}],"replies":[{"embeddable":true,"href":"https:\/\/www.europesays.com\/se\/wp-json\/wp\/v2\/comments?post=63746"}],"version-history":[{"count":0,"href":"https:\/\/www.europesays.com\/se\/wp-json\/wp\/v2\/posts\/63746\/revisions"}],"wp:featuredmedia":[{"embeddable":true,"href":"https:\/\/www.europesays.com\/se\/wp-json\/wp\/v2\/media\/63747"}],"wp:attachment":[{"href":"https:\/\/www.europesays.com\/se\/wp-json\/wp\/v2\/media?parent=63746"}],"wp:term":[{"taxonomy":"category","embeddable":true,"href":"https:\/\/www.europesays.com\/se\/wp-json\/wp\/v2\/categories?post=63746"},{"taxonomy":"post_tag","embeddable":true,"href":"https:\/\/www.europesays.com\/se\/wp-json\/wp\/v2\/tags?post=63746"}],"curies":[{"name":"wp","href":"https:\/\/api.w.org\/{rel}","templated":true}]}}