{"id":63798,"date":"2025-10-25T03:44:08","date_gmt":"2025-10-25T03:44:08","guid":{"rendered":"https:\/\/www.europesays.com\/se\/63798\/"},"modified":"2025-10-25T03:44:08","modified_gmt":"2025-10-25T03:44:08","slug":"kravet-hoj-aldern-for-brostscreening-aldersdiskriminering","status":"publish","type":"post","link":"https:\/\/www.europesays.com\/se\/63798\/","title":{"rendered":"Kravet: H\u00f6j \u00e5ldern f\u00f6r br\u00f6stscreening \u2013 \u201d\u00c5ldersdiskriminering\u201d"},"content":{"rendered":"<p>\u2013 Vi lever l\u00e4ngre idag. Kvinnor \u00e4r friskare och vill ta ansvar f\u00f6r sin h\u00e4lsa och g\u00e5 p\u00e5 mammografi, s\u00e4ger Amie Fahlander, ordf\u00f6rande i br\u00f6stcancerf\u00f6rbundet i \u00d6sterg\u00f6tland. <\/p>\n<p>I en rapport som sl\u00e4pptes tidigare i \u00e5r konstaterar <a href=\"https:\/\/brostcancerforbundet.se\/wt\/documents\/2430\/Brostcancerrapporten_2025.pdf\" rel=\"nofollow noopener\" target=\"_blank\">br\u00f6stcancerf\u00f6rbundet <\/a>att d\u00f6dligheten i br\u00f6stcancer bland kvinnor \u00f6ver 74 \u00e5r skulle kunna minska med 31 procent om de genomgick screening f\u00f6r br\u00f6stcancer. <\/p>\n<p>I och med att kvinnor \u00f6ver 74 inte blir kallade ser f\u00f6rbundet en risk att de inte uppt\u00e4cker cancern i tid och d\u00e4rf\u00f6r inte \u00f6verlever. F\u00f6rbundet i \u00d6sterg\u00f6tland tycker att det \u00e4r \u00e5ldersdiskriminering att inte se nyttan av att unders\u00f6ka \u00e4ldre kvinnor. <\/p>\n<p>\u2013 Det \u00e4r det i h\u00f6gsta grad, s\u00e4ger Amie Fahlander. <\/p>\n<p>Socialstyrelsen: Saknas kunskap<\/p>\n<p>2023 valde Socialstyrelsen att<a href=\"https:\/\/www.socialstyrelsen.se\/contentassets\/a74c09ee052b4c8aa4a01dc75490ba33\/2023-5-8564.pdf\" rel=\"nofollow noopener\" target=\"_blank\"> beh\u00e5lla den nuvarande <\/a>rekommendationen med en \u00e5ldersgr\u00e4ns p\u00e5 74 \u00e5r f\u00f6r screening. <\/p>\n<p>De menar bland annat att det \u201ddet inte \u00e4r s\u00e4kert att d\u00f6dligheten i br\u00f6stcancer skulle minska, och man riskerar on\u00f6dig behandling av cancer som aldrig hade gett symtom under patientens livstid\u201d. <\/p>\n<p>Borde man inte lyssna p\u00e5 Socialstyrelsens riktlinjer?<\/p>\n<p>\u2013 Det har inte unders\u00f6kts heller. Eftersom man inte erbjudar mammografi efter 74 finns det inte heller n\u00e5got att unders\u00f6ka, d\u00e5 finns heller inte n\u00e5got studiematerial \u00f6ver huvud taget, s\u00e4ger Amie Fahlander, ordf\u00f6rande i br\u00f6stcancerf\u00f6rbundet i \u00d6sterg\u00f6tland. <\/p>\n<p>F\u00f6ljer socialstyrelsens riktlinjer<\/p>\n<p>Inom Region \u00d6sterg\u00f6tland f\u00f6ljer man det nationella v\u00e5rdprogrammet f\u00f6r br\u00f6stcancerscreening, som \u00e4r baserade p\u00e5 Socialstyrelsens riktlinjer. Det ser likadant ut i resten av landet, med n\u00e5gra undantag. <\/p>\n<p>\u201dDet inte \u00e4r aktuellt att som enskild enhet avvika fr\u00e5n de rekommendationerna. Mammografienheten arbetar utifr\u00e5n kunskapsstyrning f\u00f6r att vi ska ha en god och j\u00e4mlik v\u00e5rd. Jag ser positivt p\u00e5 att br\u00f6stcancerf\u00f6rbundet \u00e4r aktiva i fr\u00e5gan, s\u00e4ger Sara Elehed, enhetschefen f\u00f6r mammografienheten i Link\u00f6ping. <\/p>\n","protected":false},"excerpt":{"rendered":"\u2013 Vi lever l\u00e4ngre idag. Kvinnor \u00e4r friskare och vill ta ansvar f\u00f6r sin h\u00e4lsa och g\u00e5 p\u00e5&hellip;\n","protected":false},"author":2,"featured_media":63799,"comment_status":"","ping_status":"","sticky":false,"template":"","format":"standard","meta":{"footnotes":""},"categories":[12],"tags":[22,23,26,27,17,21,24,25,28,29,15,16,18,34,31,33,32,30,19,20],"class_list":{"0":"post-63798","1":"post","2":"type-post","3":"status-publish","4":"format-standard","5":"has-post-thumbnail","7":"category-sverige","8":"tag-breaking-news","9":"tag-breakingnews","10":"tag-featured-news","11":"tag-featurednews","12":"tag-headlines","13":"tag-huvudnyheter","14":"tag-latest-news","15":"tag-latestnews","16":"tag-main-news","17":"tag-mainnews","18":"tag-news","19":"tag-nyheter","20":"tag-rubriker","21":"tag-se","22":"tag-svenska","23":"tag-sverige","24":"tag-sweden","25":"tag-swedish","26":"tag-top-stories","27":"tag-topstories"},"share_on_mastodon":{"url":"https:\/\/pubeurope.com\/@se\/115432748669716194","error":""},"_links":{"self":[{"href":"https:\/\/www.europesays.com\/se\/wp-json\/wp\/v2\/posts\/63798","targetHints":{"allow":["GET"]}}],"collection":[{"href":"https:\/\/www.europesays.com\/se\/wp-json\/wp\/v2\/posts"}],"about":[{"href":"https:\/\/www.europesays.com\/se\/wp-json\/wp\/v2\/types\/post"}],"author":[{"embeddable":true,"href":"https:\/\/www.europesays.com\/se\/wp-json\/wp\/v2\/users\/2"}],"replies":[{"embeddable":true,"href":"https:\/\/www.europesays.com\/se\/wp-json\/wp\/v2\/comments?post=63798"}],"version-history":[{"count":0,"href":"https:\/\/www.europesays.com\/se\/wp-json\/wp\/v2\/posts\/63798\/revisions"}],"wp:featuredmedia":[{"embeddable":true,"href":"https:\/\/www.europesays.com\/se\/wp-json\/wp\/v2\/media\/63799"}],"wp:attachment":[{"href":"https:\/\/www.europesays.com\/se\/wp-json\/wp\/v2\/media?parent=63798"}],"wp:term":[{"taxonomy":"category","embeddable":true,"href":"https:\/\/www.europesays.com\/se\/wp-json\/wp\/v2\/categories?post=63798"},{"taxonomy":"post_tag","embeddable":true,"href":"https:\/\/www.europesays.com\/se\/wp-json\/wp\/v2\/tags?post=63798"}],"curies":[{"name":"wp","href":"https:\/\/api.w.org\/{rel}","templated":true}]}}